{"id":9638,"date":"2018-03-30T11:38:11","date_gmt":"2018-03-30T11:38:11","guid":{"rendered":"http:\/\/5lo.lublin.pl\/?p=9638"},"modified":"2018-03-30T11:39:35","modified_gmt":"2018-03-30T11:39:35","slug":"sukces-wiolety-sosik-w-ii-olimpiadzie-wiedzy-o-bezpieczenstwie-i-obronnosci","status":"publish","type":"post","link":"https:\/\/5lo.lublin.pl\/?p=9638","title":{"rendered":"SUKCES WIOLETY SOSIK W II OLIMPIADZIE WIEDZY O BEZPIECZE\u0143STWIE I OBRONNO\u015aCI"},"content":{"rendered":"<p>W dniach 23 \u2013 24 marca 2018 r. w Warszawie odby\u0142 si\u0119 fina\u0142 II\u00a0Olimpiady Wiedzy o\u00a0Bezpiecze\u0144stwie i\u00a0Obronno\u015bci organizowanej przez Uniwersytet Warszawski przy wsp\u00f3\u0142pracy z\u00a0czternastoma innymi uczelniami wy\u017cszymi z\u00a0ca\u0142ej Polski. W\u00a0etapie centralnym wzi\u0119\u0142o udzia\u0142 140 uczni\u00f3w szk\u00f3\u0142 ponadgimnazjalnych z\u00a0ca\u0142ej Polski wy\u0142onionych w\u00a014\u00a0okr\u0119gach.<\/p>\n<p><strong>Z\u00a0wielk\u0105 przyjemno\u015bci\u0105 informujemy, \u017ce Wioleta\u00a0Sosik (uczennica klasy I\u00a0D) zosta\u0142a finalistk\u0105 olimpiady.<\/strong><\/p>\n<p>Opiekunowie: dr Ryszard Kotowski i mgr Sylwia Sa\u0142\u0119gowska-Poniewozik<\/p>\n<p>Serdecznie gratulujemy!<\/p>\n","protected":false},"excerpt":{"rendered":"<p>W dniach 23 \u2013 24 marca 2018 r. w Warszawie odby\u0142 si\u0119 fina\u0142 II\u00a0Olimpiady Wiedzy o\u00a0Bezpiecze\u0144stwie i\u00a0Obronno\u015bci organizowanej przez Uniwersytet Warszawski przy wsp\u00f3\u0142pracy z\u00a0czternastoma innymi uczelniami wy\u017cszymi z\u00a0ca\u0142ej Polski. W\u00a0etapie centralnym wzi\u0119\u0142o udzia\u0142 140 uczni\u00f3w szk\u00f3\u0142 ponadgimnazjalnych z\u00a0ca\u0142ej Polski wy\u0142onionych w\u00a014\u00a0okr\u0119gach. Z\u00a0wielk\u0105 przyjemno\u015bci\u0105 informujemy, \u017ce Wioleta\u00a0Sosik (uczennica klasy I\u00a0D) zosta\u0142a finalistk\u0105 olimpiady. Opiekunowie: dr Ryszard [&hellip;]<\/p>\n","protected":false},"author":1,"featured_media":9639,"comment_status":"open","ping_status":"open","sticky":false,"template":"","format":"standard","meta":{"footnotes":""},"categories":[179,1,134],"tags":[],"_links":{"self":[{"href":"https:\/\/5lo.lublin.pl\/index.php?rest_route=\/wp\/v2\/posts\/9638"}],"collection":[{"href":"https:\/\/5lo.lublin.pl\/index.php?rest_route=\/wp\/v2\/posts"}],"about":[{"href":"https:\/\/5lo.lublin.pl\/index.php?rest_route=\/wp\/v2\/types\/post"}],"author":[{"embeddable":true,"href":"https:\/\/5lo.lublin.pl\/index.php?rest_route=\/wp\/v2\/users\/1"}],"replies":[{"embeddable":true,"href":"https:\/\/5lo.lublin.pl\/index.php?rest_route=%2Fwp%2Fv2%2Fcomments&post=9638"}],"version-history":[{"count":1,"href":"https:\/\/5lo.lublin.pl\/index.php?rest_route=\/wp\/v2\/posts\/9638\/revisions"}],"predecessor-version":[{"id":9640,"href":"https:\/\/5lo.lublin.pl\/index.php?rest_route=\/wp\/v2\/posts\/9638\/revisions\/9640"}],"wp:featuredmedia":[{"embeddable":true,"href":"https:\/\/5lo.lublin.pl\/index.php?rest_route=\/wp\/v2\/media\/9639"}],"wp:attachment":[{"href":"https:\/\/5lo.lublin.pl\/index.php?rest_route=%2Fwp%2Fv2%2Fmedia&parent=9638"}],"wp:term":[{"taxonomy":"category","embeddable":true,"href":"https:\/\/5lo.lublin.pl\/index.php?rest_route=%2Fwp%2Fv2%2Fcategories&post=9638"},{"taxonomy":"post_tag","embeddable":true,"href":"https:\/\/5lo.lublin.pl\/index.php?rest_route=%2Fwp%2Fv2%2Ftags&post=9638"}],"curies":[{"name":"wp","href":"https:\/\/api.w.org\/{rel}","templated":true}]}}