{"id":9503,"date":"2018-03-26T12:26:22","date_gmt":"2018-03-26T12:26:22","guid":{"rendered":"http:\/\/5lo.lublin.pl\/?p=9503"},"modified":"2018-06-19T20:10:53","modified_gmt":"2018-06-19T20:10:53","slug":"dziewiata-edycja-talentu-na-5","status":"publish","type":"post","link":"https:\/\/5lo.lublin.pl\/?p=9503","title":{"rendered":"Dziewi\u0105ta edycja \u201eTalentu na 5\u201d"},"content":{"rendered":"<p>14.03.2018 w naszej szkole odby\u0142a si\u0119 dziewi\u0105ta edycja \u201eTalentu na 5\u201d. Nasi uczniowie po raz kolejny zaimponowali nam swoimi niezwyk\u0142ymi umiej\u0119tno\u015bciami. Jeste\u015bmy pod ogromnym wra\u017ceniem wszystkich wyst\u0119p\u00f3w, wi\u0119c wybranie zwyci\u0119zcy by\u0142o nie lada wyzwaniem. Po zapewne niezwykle trudnych naradach, jury przyzna\u0142o swoj\u0105 nagrod\u0119 Julce Ju\u0107 w duecie z Marysi\u0105 Kopi\u0144sk\u0105 z klasy 1D. Jednak naszej spo\u0142eczno\u015bci szkolnej najbardziej przypad\u0142 do gustu gimnastyczny wyst\u0119p Ani Kawiak z klasy 1B. Wszystkim uczestnikom serdecznie gratulujemy!! c:<\/p>\n<div id=\"metaslider-id-9505\" style=\"max-width: 1100px; margin: 0 auto;\" class=\"ml-slider-3-62-0 metaslider metaslider-flex metaslider-9505 ml-slider ms-theme-default\" role=\"region\" aria-roledescription=\"Slideshow\" aria-label=\"talent na 5 2018\">\n    <div id=\"metaslider_container_9505\">\n        <div id=\"metaslider_9505\" class=\"flexslider\">\n            <ul aria-live=\"polite\" class=\"slides\">\n                <li style=\"display: block; width: 100%;\" class=\"slide-9528 ms-image \" aria-roledescription=\"slide\" aria-label=\"slide-9528\"><img loading=\"lazy\" decoding=\"async\" src=\"https:\/\/5lo.lublin.pl\/wp-content\/uploads\/2018\/03\/IMG_8550-866x708.jpg\" height=\"900\" width=\"1100\" alt=\"\" class=\"slider-9505 slide-9528\" title=\"IMG_8550\" \/><\/li>\n                <li style=\"display: none; width: 100%;\" class=\"slide-9529 ms-image \" aria-roledescription=\"slide\" aria-label=\"slide-9529\"><img loading=\"lazy\" decoding=\"async\" src=\"https:\/\/5lo.lublin.pl\/wp-content\/uploads\/2018\/03\/IMG_8557-866x708.jpg\" height=\"900\" width=\"1100\" alt=\"\" class=\"slider-9505 slide-9529\" title=\"IMG_8557\" \/><\/li>\n                <li style=\"display: none; width: 100%;\" class=\"slide-9530 ms-image \" aria-roledescription=\"slide\" aria-label=\"slide-9530\"><img loading=\"lazy\" decoding=\"async\" src=\"https:\/\/5lo.lublin.pl\/wp-content\/uploads\/2018\/03\/IMG_8566-866x708.jpg\" height=\"900\" width=\"1100\" alt=\"\" class=\"slider-9505 slide-9530\" title=\"IMG_8566\" \/><\/li>\n                <li style=\"display: none; width: 100%;\" class=\"slide-9531 ms-image \" aria-roledescription=\"slide\" aria-label=\"slide-9531\"><img loading=\"lazy\" decoding=\"async\" src=\"https:\/\/5lo.lublin.pl\/wp-content\/uploads\/2018\/03\/IMG_8572-866x708.jpg\" height=\"900\" width=\"1100\" alt=\"\" class=\"slider-9505 slide-9531\" title=\"IMG_8572\" \/><\/li>\n                <li style=\"display: none; width: 100%;\" class=\"slide-9532 ms-image \" aria-roledescription=\"slide\" aria-label=\"slide-9532\"><img loading=\"lazy\" decoding=\"async\" src=\"https:\/\/5lo.lublin.pl\/wp-content\/uploads\/2018\/03\/IMG_8576-1100x900.jpg\" height=\"900\" width=\"1100\" alt=\"\" class=\"slider-9505 slide-9532\" title=\"IMG_8576\" \/><\/li>\n                <li style=\"display: none; width: 100%;\" class=\"slide-9533 ms-image \" aria-roledescription=\"slide\" aria-label=\"slide-9533\"><img loading=\"lazy\" decoding=\"async\" src=\"https:\/\/5lo.lublin.pl\/wp-content\/uploads\/2018\/03\/IMG_8597-866x708.jpg\" height=\"900\" width=\"1100\" alt=\"\" class=\"slider-9505 slide-9533\" title=\"IMG_8597\" \/><\/li>\n                <li style=\"display: none; width: 100%;\" class=\"slide-9534 ms-image \" aria-roledescription=\"slide\" aria-label=\"slide-9534\"><img loading=\"lazy\" decoding=\"async\" src=\"https:\/\/5lo.lublin.pl\/wp-content\/uploads\/2018\/03\/IMG_8604-866x708.jpg\" height=\"900\" width=\"1100\" alt=\"\" class=\"slider-9505 slide-9534\" title=\"IMG_8604\" \/><\/li>\n                <li style=\"display: none; width: 100%;\" class=\"slide-9535 ms-image \" aria-roledescription=\"slide\" aria-label=\"slide-9535\"><img loading=\"lazy\" decoding=\"async\" src=\"https:\/\/5lo.lublin.pl\/wp-content\/uploads\/2018\/03\/IMG_8613-866x708.jpg\" height=\"900\" width=\"1100\" alt=\"\" class=\"slider-9505 slide-9535\" title=\"IMG_8613\" \/><\/li>\n                <li style=\"display: none; width: 100%;\" class=\"slide-9536 ms-image \" aria-roledescription=\"slide\" aria-label=\"slide-9536\"><img loading=\"lazy\" decoding=\"async\" src=\"https:\/\/5lo.lublin.pl\/wp-content\/uploads\/2018\/03\/IMG_8615-1100x900.jpg\" height=\"900\" width=\"1100\" alt=\"\" class=\"slider-9505 slide-9536\" title=\"IMG_8615\" \/><\/li>\n                <li style=\"display: none; width: 100%;\" class=\"slide-9537 ms-image \" aria-roledescription=\"slide\" aria-label=\"slide-9537\"><img loading=\"lazy\" decoding=\"async\" src=\"https:\/\/5lo.lublin.pl\/wp-content\/uploads\/2018\/03\/IMG_8629-866x708.jpg\" height=\"900\" width=\"1100\" alt=\"\" class=\"slider-9505 slide-9537\" title=\"IMG_8629\" \/><\/li>\n                <li style=\"display: none; width: 100%;\" class=\"slide-9538 ms-image \" aria-roledescription=\"slide\" aria-label=\"slide-9538\"><img loading=\"lazy\" decoding=\"async\" src=\"https:\/\/5lo.lublin.pl\/wp-content\/uploads\/2018\/03\/IMG_8632-866x708.jpg\" height=\"900\" width=\"1100\" alt=\"\" class=\"slider-9505 slide-9538\" title=\"IMG_8632\" \/><\/li>\n                <li style=\"display: none; width: 100%;\" class=\"slide-9539 ms-image \" aria-roledescription=\"slide\" aria-label=\"slide-9539\"><img loading=\"lazy\" decoding=\"async\" src=\"https:\/\/5lo.lublin.pl\/wp-content\/uploads\/2018\/03\/IMG_8665-866x708.jpg\" height=\"900\" width=\"1100\" alt=\"\" class=\"slider-9505 slide-9539\" title=\"IMG_8665\" \/><\/li>\n                <li style=\"display: none; width: 100%;\" class=\"slide-9540 ms-image \" aria-roledescription=\"slide\" aria-label=\"slide-9540\"><img loading=\"lazy\" decoding=\"async\" src=\"https:\/\/5lo.lublin.pl\/wp-content\/uploads\/2018\/03\/IMG_8669-1100x900.jpg\" height=\"900\" width=\"1100\" alt=\"\" class=\"slider-9505 slide-9540\" title=\"IMG_8669\" \/><\/li>\n                <li style=\"display: none; width: 100%;\" class=\"slide-9541 ms-image \" aria-roledescription=\"slide\" aria-label=\"slide-9541\"><img loading=\"lazy\" decoding=\"async\" src=\"https:\/\/5lo.lublin.pl\/wp-content\/uploads\/2018\/03\/IMG_8674-1100x900.jpg\" height=\"900\" width=\"1100\" alt=\"\" class=\"slider-9505 slide-9541\" title=\"IMG_8674\" \/><\/li>\n                <li style=\"display: none; width: 100%;\" class=\"slide-9542 ms-image \" aria-roledescription=\"slide\" aria-label=\"slide-9542\"><img loading=\"lazy\" decoding=\"async\" src=\"https:\/\/5lo.lublin.pl\/wp-content\/uploads\/2018\/03\/IMG_8690-866x708.jpg\" height=\"900\" width=\"1100\" alt=\"\" class=\"slider-9505 slide-9542\" title=\"IMG_8690\" \/><\/li>\n                <li style=\"display: none; width: 100%;\" class=\"slide-9543 ms-image \" aria-roledescription=\"slide\" aria-label=\"slide-9543\"><img loading=\"lazy\" decoding=\"async\" src=\"https:\/\/5lo.lublin.pl\/wp-content\/uploads\/2018\/03\/IMG_8753-866x708.jpg\" height=\"900\" width=\"1100\" alt=\"\" class=\"slider-9505 slide-9543\" title=\"IMG_8753\" \/><\/li>\n                <li style=\"display: none; width: 100%;\" class=\"slide-9544 ms-image \" aria-roledescription=\"slide\" aria-label=\"slide-9544\"><img loading=\"lazy\" decoding=\"async\" src=\"https:\/\/5lo.lublin.pl\/wp-content\/uploads\/2018\/03\/IMG_8771-1100x900.jpg\" height=\"900\" width=\"1100\" alt=\"\" class=\"slider-9505 slide-9544\" title=\"IMG_8771\" \/><\/li>\n                <li style=\"display: none; width: 100%;\" class=\"slide-9545 ms-image \" aria-roledescription=\"slide\" aria-label=\"slide-9545\"><img loading=\"lazy\" decoding=\"async\" src=\"https:\/\/5lo.lublin.pl\/wp-content\/uploads\/2018\/03\/pf_1521039631-1100x900.jpg\" height=\"900\" width=\"1100\" alt=\"\" class=\"slider-9505 slide-9545\" title=\"pf_1521039631\" \/><\/li>\n            <\/ul>\n        <\/div>\n        \n    <\/div>\n<\/div>\n<p>&nbsp;<\/p>\n","protected":false},"excerpt":{"rendered":"<p>14.03.2018 w naszej szkole odby\u0142a si\u0119 dziewi\u0105ta edycja \u201eTalentu na 5\u201d. Nasi uczniowie po raz kolejny zaimponowali nam swoimi niezwyk\u0142ymi umiej\u0119tno\u015bciami. Jeste\u015bmy pod ogromnym wra\u017ceniem wszystkich wyst\u0119p\u00f3w, wi\u0119c wybranie zwyci\u0119zcy by\u0142o nie lada wyzwaniem. Po zapewne niezwykle trudnych naradach, jury przyzna\u0142o swoj\u0105 nagrod\u0119 Julce Ju\u0107 w duecie z Marysi\u0105 Kopi\u0144sk\u0105 z klasy 1D. Jednak naszej [&hellip;]<\/p>\n","protected":false},"author":12,"featured_media":9525,"comment_status":"open","ping_status":"open","sticky":false,"template":"","format":"standard","meta":{"footnotes":""},"categories":[136,133],"tags":[],"_links":{"self":[{"href":"https:\/\/5lo.lublin.pl\/index.php?rest_route=\/wp\/v2\/posts\/9503"}],"collection":[{"href":"https:\/\/5lo.lublin.pl\/index.php?rest_route=\/wp\/v2\/posts"}],"about":[{"href":"https:\/\/5lo.lublin.pl\/index.php?rest_route=\/wp\/v2\/types\/post"}],"author":[{"embeddable":true,"href":"https:\/\/5lo.lublin.pl\/index.php?rest_route=\/wp\/v2\/users\/12"}],"replies":[{"embeddable":true,"href":"https:\/\/5lo.lublin.pl\/index.php?rest_route=%2Fwp%2Fv2%2Fcomments&post=9503"}],"version-history":[{"count":1,"href":"https:\/\/5lo.lublin.pl\/index.php?rest_route=\/wp\/v2\/posts\/9503\/revisions"}],"predecessor-version":[{"id":9546,"href":"https:\/\/5lo.lublin.pl\/index.php?rest_route=\/wp\/v2\/posts\/9503\/revisions\/9546"}],"wp:featuredmedia":[{"embeddable":true,"href":"https:\/\/5lo.lublin.pl\/index.php?rest_route=\/wp\/v2\/media\/9525"}],"wp:attachment":[{"href":"https:\/\/5lo.lublin.pl\/index.php?rest_route=%2Fwp%2Fv2%2Fmedia&parent=9503"}],"wp:term":[{"taxonomy":"category","embeddable":true,"href":"https:\/\/5lo.lublin.pl\/index.php?rest_route=%2Fwp%2Fv2%2Fcategories&post=9503"},{"taxonomy":"post_tag","embeddable":true,"href":"https:\/\/5lo.lublin.pl\/index.php?rest_route=%2Fwp%2Fv2%2Ftags&post=9503"}],"curies":[{"name":"wp","href":"https:\/\/api.w.org\/{rel}","templated":true}]}}