{"id":9357,"date":"2018-03-26T11:44:27","date_gmt":"2018-03-26T11:44:27","guid":{"rendered":"http:\/\/5lo.lublin.pl\/?p=9357"},"modified":"2018-03-26T11:44:27","modified_gmt":"2018-03-26T11:44:27","slug":"marcowy-numer-lipy-2","status":"publish","type":"post","link":"https:\/\/5lo.lublin.pl\/?p=9357","title":{"rendered":"Marcowy numer &#8222;Lipy&#8221;"},"content":{"rendered":"<p class=\"p2\">Witamy wszystkich bardzo serdecznie w pierwszym tego roku kalendarzowego numerze \u201eLipy\u201d. Pomimo niezbyt sprzyjaj\u0105cej pogody za oknem, ca\u0142a natura budzi si\u0119 do \u017cycia, co mo\u017ce stanowi\u0107 doskona\u0142y bodziec do zadbania o swoje zdrowie czy urod\u0119. Do wakacji natomiast ju\u017c coraz bli\u017cej, najwa\u017cniejsze, by przetrwa\u0107 do \u015bwi\u0105t wielkanocnych. \ud83d\ude42<\/p>\n<p class=\"p2\">W numerze m.in. sonda dotycz\u0105ca wygl\u0105du, niezawodne sposoby na popraw\u0119 zdrowia czy ciekawe felietony. Zapraszamy do lektury.<\/p>\n<p><a href=\"https:\/\/5lo.lublin.pl\/pliki\/3_2018_Lipa.pdf\" target=\"_blank\" rel=\"noopener\">Kliknij, aby obejrze\u0107 najnowszy numer &#8222;Lipy&#8221;&#8230;<\/a><\/p>\n","protected":false},"excerpt":{"rendered":"<p>Witamy wszystkich bardzo serdecznie w pierwszym tego roku kalendarzowego numerze \u201eLipy\u201d. Pomimo niezbyt sprzyjaj\u0105cej pogody za oknem, ca\u0142a natura budzi si\u0119 do \u017cycia, co mo\u017ce stanowi\u0107 doskona\u0142y bodziec do zadbania o swoje zdrowie czy urod\u0119. Do wakacji natomiast ju\u017c coraz bli\u017cej, najwa\u017cniejsze, by przetrwa\u0107 do \u015bwi\u0105t wielkanocnych. \ud83d\ude42 W numerze m.in. sonda dotycz\u0105ca wygl\u0105du, niezawodne [&hellip;]<\/p>\n","protected":false},"author":41,"featured_media":9358,"comment_status":"open","ping_status":"open","sticky":false,"template":"","format":"standard","meta":{"footnotes":""},"categories":[179,137,1,136],"tags":[],"_links":{"self":[{"href":"https:\/\/5lo.lublin.pl\/index.php?rest_route=\/wp\/v2\/posts\/9357"}],"collection":[{"href":"https:\/\/5lo.lublin.pl\/index.php?rest_route=\/wp\/v2\/posts"}],"about":[{"href":"https:\/\/5lo.lublin.pl\/index.php?rest_route=\/wp\/v2\/types\/post"}],"author":[{"embeddable":true,"href":"https:\/\/5lo.lublin.pl\/index.php?rest_route=\/wp\/v2\/users\/41"}],"replies":[{"embeddable":true,"href":"https:\/\/5lo.lublin.pl\/index.php?rest_route=%2Fwp%2Fv2%2Fcomments&post=9357"}],"version-history":[{"count":2,"href":"https:\/\/5lo.lublin.pl\/index.php?rest_route=\/wp\/v2\/posts\/9357\/revisions"}],"predecessor-version":[{"id":9414,"href":"https:\/\/5lo.lublin.pl\/index.php?rest_route=\/wp\/v2\/posts\/9357\/revisions\/9414"}],"wp:featuredmedia":[{"embeddable":true,"href":"https:\/\/5lo.lublin.pl\/index.php?rest_route=\/wp\/v2\/media\/9358"}],"wp:attachment":[{"href":"https:\/\/5lo.lublin.pl\/index.php?rest_route=%2Fwp%2Fv2%2Fmedia&parent=9357"}],"wp:term":[{"taxonomy":"category","embeddable":true,"href":"https:\/\/5lo.lublin.pl\/index.php?rest_route=%2Fwp%2Fv2%2Fcategories&post=9357"},{"taxonomy":"post_tag","embeddable":true,"href":"https:\/\/5lo.lublin.pl\/index.php?rest_route=%2Fwp%2Fv2%2Ftags&post=9357"}],"curies":[{"name":"wp","href":"https:\/\/api.w.org\/{rel}","templated":true}]}}