{"id":9331,"date":"2018-03-20T21:58:11","date_gmt":"2018-03-20T21:58:11","guid":{"rendered":"http:\/\/5lo.lublin.pl\/?p=9331"},"modified":"2018-03-20T21:58:11","modified_gmt":"2018-03-20T21:58:11","slug":"sukces-uczniow-klasy-ii-f-w-viii-debacie-politologicznej","status":"publish","type":"post","link":"https:\/\/5lo.lublin.pl\/?p=9331","title":{"rendered":"Sukces uczni\u00f3w klasy II F w VIII Debacie Politologicznej"},"content":{"rendered":"<h6 style=\"line-height: 1cm;\">Kolejny sukces uczni\u00f3w klasy II F. 16 marca 2018 roku na Wydziale Politologii Uniwersytetu Marii Curie &#8211; Sk\u0142odowskiej odby\u0142a si\u0119 VIII Debata Politologiczna, w kt\u00f3rej udzia\u0142 wzi\u0119li uczniowie szk\u00f3\u0142 \u015brednich z wojew\u00f3dztwa lubelskiego.<\/p>\n<p><center>W debacie oksfordzkiej V Liceum Og\u00f3lnokszta\u0142c\u0105ce reprezentowa\u0142a dru\u017cyna w sk\u0142adzie:<br \/>\n<b>Jakub Ku\u017amicz, Krzysztof Wojniak, Grzegorz Batorski oraz Mateusz G\u0119bka<\/b>.<\/p>\n<p>Nasz zesp\u00f3\u0142 zaj\u0105\u0142 drugie miejsce.<\/center><\/p>\n<p>Uczniowie rywalizowali w pojedynkach dotycz\u0105cych istoty systemu politycznego Federacji Rosyjskiej, roli pa\u0144stwa we wsp\u00f3\u0142czesnej gospodarce oraz migracji jako zagro\u017cenia dla to\u017csamo\u015bci wsp\u00f3\u0142czesnych pa\u0144stw. <\/p>\n<p>Opiek\u0119 merytoryczn\u0105 nad zespo\u0142em sprawowa\u0142 dr Ryszard Kotowski.<\/p>\n<p>Gratulujemy!<\/h6>\n","protected":false},"excerpt":{"rendered":"<p>Kolejny sukces uczni\u00f3w klasy II F. 16 marca 2018 roku na Wydziale Politologii Uniwersytetu Marii Curie &#8211; Sk\u0142odowskiej odby\u0142a si\u0119 VIII Debata Politologiczna, w kt\u00f3rej udzia\u0142 wzi\u0119li uczniowie szk\u00f3\u0142 \u015brednich z wojew\u00f3dztwa lubelskiego. W debacie oksfordzkiej V Liceum Og\u00f3lnokszta\u0142c\u0105ce reprezentowa\u0142a dru\u017cyna w sk\u0142adzie: Jakub Ku\u017amicz, Krzysztof Wojniak, Grzegorz Batorski oraz Mateusz G\u0119bka. Nasz zesp\u00f3\u0142 zaj\u0105\u0142 [&hellip;]<\/p>\n","protected":false},"author":23,"featured_media":9332,"comment_status":"open","ping_status":"open","sticky":false,"template":"","format":"standard","meta":{"footnotes":""},"categories":[134],"tags":[],"_links":{"self":[{"href":"https:\/\/5lo.lublin.pl\/index.php?rest_route=\/wp\/v2\/posts\/9331"}],"collection":[{"href":"https:\/\/5lo.lublin.pl\/index.php?rest_route=\/wp\/v2\/posts"}],"about":[{"href":"https:\/\/5lo.lublin.pl\/index.php?rest_route=\/wp\/v2\/types\/post"}],"author":[{"embeddable":true,"href":"https:\/\/5lo.lublin.pl\/index.php?rest_route=\/wp\/v2\/users\/23"}],"replies":[{"embeddable":true,"href":"https:\/\/5lo.lublin.pl\/index.php?rest_route=%2Fwp%2Fv2%2Fcomments&post=9331"}],"version-history":[{"count":2,"href":"https:\/\/5lo.lublin.pl\/index.php?rest_route=\/wp\/v2\/posts\/9331\/revisions"}],"predecessor-version":[{"id":9355,"href":"https:\/\/5lo.lublin.pl\/index.php?rest_route=\/wp\/v2\/posts\/9331\/revisions\/9355"}],"wp:featuredmedia":[{"embeddable":true,"href":"https:\/\/5lo.lublin.pl\/index.php?rest_route=\/wp\/v2\/media\/9332"}],"wp:attachment":[{"href":"https:\/\/5lo.lublin.pl\/index.php?rest_route=%2Fwp%2Fv2%2Fmedia&parent=9331"}],"wp:term":[{"taxonomy":"category","embeddable":true,"href":"https:\/\/5lo.lublin.pl\/index.php?rest_route=%2Fwp%2Fv2%2Fcategories&post=9331"},{"taxonomy":"post_tag","embeddable":true,"href":"https:\/\/5lo.lublin.pl\/index.php?rest_route=%2Fwp%2Fv2%2Ftags&post=9331"}],"curies":[{"name":"wp","href":"https:\/\/api.w.org\/{rel}","templated":true}]}}