{"id":9292,"date":"2018-03-20T20:20:13","date_gmt":"2018-03-20T20:20:13","guid":{"rendered":"http:\/\/5lo.lublin.pl\/?p=9292"},"modified":"2018-03-20T20:20:13","modified_gmt":"2018-03-20T20:20:13","slug":"sukces-magdaleny-barszcz-w-ogolnopolskiej-olimpiadzie-wiedzy-o-unii-europejskiej","status":"publish","type":"post","link":"https:\/\/5lo.lublin.pl\/?p=9292","title":{"rendered":"Sukces Magdaleny Barszcz w Og\u00f3lnopolskiej Olimpiadzie Wiedzy o Unii Europejskiej"},"content":{"rendered":"<p><strong><\/p>\n<p align=\"justify\">W dniu 10 marca 2018 r. w Bia\u0142ymstoku odby\u0142 si\u0119 fina\u0142 V Og\u00f3lnopolskiej Olimpiady Wiedzy o Unii Europejskiej organizowanej przez bia\u0142ostockie stowarzyszenie Edukacyjno &#8211; O\u015bwiatowe COPTIOSH. W etapie centralnym wzi\u0119\u0142o udzia\u0142 57 uczni\u00f3w szk\u00f3\u0142 ponadgimnazjalnych z ca\u0142ej Polski wy\u0142onionych w 16 okr\u0119gach.<\/p>\n<p><\/p>\n<h6><b>Z wielk\u0105 przyjemno\u015bci\u0105 informujemy, \u017ce <span style=\"color: #000080;\"><b>Magdalena Barszcz (uczennica klasy II F) <\/span> zosta\u0142a laureatk\u0105 olimpiady.<\/b><\/h6>\n<p><\/p>\n<p align=\"justify\">Og\u00f3lnopolska Olimpiada Wiedzy o Unii Europejskiej jest tematyczn\u0105 olimpiad\u0105 skierowan\u0105 do uczni\u00f3w szk\u00f3\u0142 ponadgimnazjalnych, organizowan\u0105 jako forma kampanii spo\u0142ecznej promuj\u0105cej postaw\u0119 rozwoju cz\u0142owieka poprzez pog\u0142\u0119bianie wiedzy na temat historii i wsp\u00f3\u0142czesno\u015bci Unii Europejskiej oraz kszta\u0142towanie uczucia poszanowania dla dziedzictwa historycznego i\u00a0kulturowego Europy. Celem olimpiady jest ponadto promocja zainteresowa\u0144 i wiedzy na temat historii integracji europejskiej, \u201eojc\u00f3w\u201d zjednoczonej Europy, instytucji unijnych, prawa, zasad, swob\u00f3d, charakteru i funkcjonowania UE.<\/p>\n<p>Opiekunem merytorycznym uczennicy jest dr Ryszard Kotowski.<\/strong><\/p>\n<p><strong>Serdecznie gratulujemy!!!<\/strong><\/p>\n","protected":false},"excerpt":{"rendered":"<p>W dniu 10 marca 2018 r. w Bia\u0142ymstoku odby\u0142 si\u0119 fina\u0142 V Og\u00f3lnopolskiej Olimpiady Wiedzy o Unii Europejskiej organizowanej przez bia\u0142ostockie stowarzyszenie Edukacyjno &#8211; O\u015bwiatowe COPTIOSH. W etapie centralnym wzi\u0119\u0142o udzia\u0142 57 uczni\u00f3w szk\u00f3\u0142 ponadgimnazjalnych z ca\u0142ej Polski wy\u0142onionych w 16 okr\u0119gach. Z wielk\u0105 przyjemno\u015bci\u0105 informujemy, \u017ce Magdalena Barszcz (uczennica klasy II F) zosta\u0142a laureatk\u0105 [&hellip;]<\/p>\n","protected":false},"author":23,"featured_media":9293,"comment_status":"open","ping_status":"open","sticky":false,"template":"","format":"standard","meta":{"footnotes":""},"categories":[134],"tags":[],"_links":{"self":[{"href":"https:\/\/5lo.lublin.pl\/index.php?rest_route=\/wp\/v2\/posts\/9292"}],"collection":[{"href":"https:\/\/5lo.lublin.pl\/index.php?rest_route=\/wp\/v2\/posts"}],"about":[{"href":"https:\/\/5lo.lublin.pl\/index.php?rest_route=\/wp\/v2\/types\/post"}],"author":[{"embeddable":true,"href":"https:\/\/5lo.lublin.pl\/index.php?rest_route=\/wp\/v2\/users\/23"}],"replies":[{"embeddable":true,"href":"https:\/\/5lo.lublin.pl\/index.php?rest_route=%2Fwp%2Fv2%2Fcomments&post=9292"}],"version-history":[{"count":1,"href":"https:\/\/5lo.lublin.pl\/index.php?rest_route=\/wp\/v2\/posts\/9292\/revisions"}],"predecessor-version":[{"id":9330,"href":"https:\/\/5lo.lublin.pl\/index.php?rest_route=\/wp\/v2\/posts\/9292\/revisions\/9330"}],"wp:featuredmedia":[{"embeddable":true,"href":"https:\/\/5lo.lublin.pl\/index.php?rest_route=\/wp\/v2\/media\/9293"}],"wp:attachment":[{"href":"https:\/\/5lo.lublin.pl\/index.php?rest_route=%2Fwp%2Fv2%2Fmedia&parent=9292"}],"wp:term":[{"taxonomy":"category","embeddable":true,"href":"https:\/\/5lo.lublin.pl\/index.php?rest_route=%2Fwp%2Fv2%2Fcategories&post=9292"},{"taxonomy":"post_tag","embeddable":true,"href":"https:\/\/5lo.lublin.pl\/index.php?rest_route=%2Fwp%2Fv2%2Ftags&post=9292"}],"curies":[{"name":"wp","href":"https:\/\/api.w.org\/{rel}","templated":true}]}}