{"id":8837,"date":"2018-02-23T18:47:11","date_gmt":"2018-02-23T18:47:11","guid":{"rendered":"http:\/\/5lo.lublin.pl\/?p=8837"},"modified":"2018-02-23T18:59:00","modified_gmt":"2018-02-23T18:59:00","slug":"olimpiada-o-diamentowy-indeks-agh-z-fizyki","status":"publish","type":"post","link":"https:\/\/5lo.lublin.pl\/?p=8837","title":{"rendered":"<center>Olimpiada O Diamentowy Indeks AGH z fizyki<\/center>"},"content":{"rendered":"<p><font size=\"2,7\"><\/p>\n<p style=\"text-align: center;\"><strong>Do fina\u0142u XI Og\u00f3lnopolskiej Olimpiady \u201eO Diamentowy Indeks AGH&#8221; z fizyki zakwalifikowali si\u0119:<\/p>\n<h6>\n<p style=\"text-align: center;\"><span style=\"color: #008000;\"><strong>Marcin Padyjasek, Oskar Lankamer, Kacper Danielak <\/strong><\/span> <\/p>\n<\/h6>\n<p><center>S\u0105 to uczniowie z klasy III A, kt\u00f3rych do olimpiady przygotowa\u0142a pani Joanna Mazur.<\/center><\/strong><\/p>\n<p><strong><\/p>\n<p style=\"text-align: center;\">Gratulujemy i \u017cyczymy sukces\u00f3w w finale!<\/p>\n<p><\/font><\/strong><\/p>\n","protected":false},"excerpt":{"rendered":"<p>Do fina\u0142u XI Og\u00f3lnopolskiej Olimpiady \u201eO Diamentowy Indeks AGH&#8221; z fizyki zakwalifikowali si\u0119: Marcin Padyjasek, Oskar Lankamer, Kacper Danielak S\u0105 to uczniowie z klasy III A, kt\u00f3rych do olimpiady przygotowa\u0142a pani Joanna Mazur. Gratulujemy i \u017cyczymy sukces\u00f3w w finale!<\/p>\n","protected":false},"author":23,"featured_media":4622,"comment_status":"open","ping_status":"open","sticky":false,"template":"","format":"standard","meta":{"footnotes":""},"categories":[134],"tags":[],"_links":{"self":[{"href":"https:\/\/5lo.lublin.pl\/index.php?rest_route=\/wp\/v2\/posts\/8837"}],"collection":[{"href":"https:\/\/5lo.lublin.pl\/index.php?rest_route=\/wp\/v2\/posts"}],"about":[{"href":"https:\/\/5lo.lublin.pl\/index.php?rest_route=\/wp\/v2\/types\/post"}],"author":[{"embeddable":true,"href":"https:\/\/5lo.lublin.pl\/index.php?rest_route=\/wp\/v2\/users\/23"}],"replies":[{"embeddable":true,"href":"https:\/\/5lo.lublin.pl\/index.php?rest_route=%2Fwp%2Fv2%2Fcomments&post=8837"}],"version-history":[{"count":2,"href":"https:\/\/5lo.lublin.pl\/index.php?rest_route=\/wp\/v2\/posts\/8837\/revisions"}],"predecessor-version":[{"id":8853,"href":"https:\/\/5lo.lublin.pl\/index.php?rest_route=\/wp\/v2\/posts\/8837\/revisions\/8853"}],"wp:featuredmedia":[{"embeddable":true,"href":"https:\/\/5lo.lublin.pl\/index.php?rest_route=\/wp\/v2\/media\/4622"}],"wp:attachment":[{"href":"https:\/\/5lo.lublin.pl\/index.php?rest_route=%2Fwp%2Fv2%2Fmedia&parent=8837"}],"wp:term":[{"taxonomy":"category","embeddable":true,"href":"https:\/\/5lo.lublin.pl\/index.php?rest_route=%2Fwp%2Fv2%2Fcategories&post=8837"},{"taxonomy":"post_tag","embeddable":true,"href":"https:\/\/5lo.lublin.pl\/index.php?rest_route=%2Fwp%2Fv2%2Ftags&post=8837"}],"curies":[{"name":"wp","href":"https:\/\/api.w.org\/{rel}","templated":true}]}}