{"id":8820,"date":"2018-02-22T20:08:23","date_gmt":"2018-02-22T20:08:23","guid":{"rendered":"http:\/\/5lo.lublin.pl\/?p=8820"},"modified":"2018-02-22T20:08:23","modified_gmt":"2018-02-22T20:08:23","slug":"ogolnopolski-konkurs-polonistyczny-fraszka","status":"publish","type":"post","link":"https:\/\/5lo.lublin.pl\/?p=8820","title":{"rendered":"Og\u00f3lnopolski Konkurs Polonistyczny &#8222;Fraszka&#8221;"},"content":{"rendered":"<h6 style=\"line-height: 1cm;\">Serdecznie dzi\u0119kujemy za udzia\u0142 w tegorocznej edycji Konkursu Polonistycznego &#8222;Fraszka&#8221;, kt\u00f3rego celem jest upowszechnianie w\u015br\u00f3d m\u0142odzie\u017cy wiedzy z zakresu j\u0119zyka polskiego. Jury Konkursu przyzna\u0142o nast\u0119puj\u0105ce  wyr\u00f3\u017cnienia: Kucharczyk Aleksandra, K\u0119dziora Anastazja, Bork Roksana, Turski Micha\u0142, Grundas Weronika, Szadkowska Aleksandra. Serdecznie gratulujemy i zach\u0119camy do kontynuowania i rozwijania swoich umiej\u0119tno\u015bci. Mamy nadziej\u0119, \u017ce rywalizacja w konkursie dostarczy\u0142a uczestnikom rozrywki umys\u0142owej oraz satysfakcji z osi\u0105gni\u0119\u0107.<br \/>\nNauczyciele j\u0119zyka polskiego V LO w Lublinie<\/h6>\n<p><center><strong> <img loading=\"lazy\" decoding=\"async\" class=\"alignnone size-medium wp-image-3805\" src=\"https:\/\/5lo.lublin.pl\/wp-content\/uploads\/2018\/02\/Dfr-211x300.png\" alt=\"\" width=\"200\" height=\"200\" \/>     <img loading=\"lazy\" decoding=\"async\" class=\"alignnone size-medium wp-image-3805\" src=\"https:\/\/5lo.lublin.pl\/wp-content\/uploads\/2018\/02\/drf1-210x300.png\" alt=\"\" width=\"200\" height=\"200\" \/>     <img loading=\"lazy\" decoding=\"async\" class=\"alignnone size-medium wp-image-3805\" src=\"https:\/\/5lo.lublin.pl\/wp-content\/uploads\/2018\/02\/drfr3-219x300.png\" alt=\"\" width=\"208\" height=\"209\" \/><\/strong><\/center><\/p>\n","protected":false},"excerpt":{"rendered":"<p>Serdecznie dzi\u0119kujemy za udzia\u0142 w tegorocznej edycji Konkursu Polonistycznego &#8222;Fraszka&#8221;, kt\u00f3rego celem jest upowszechnianie w\u015br\u00f3d m\u0142odzie\u017cy wiedzy z zakresu j\u0119zyka polskiego. Jury Konkursu przyzna\u0142o nast\u0119puj\u0105ce wyr\u00f3\u017cnienia: Kucharczyk Aleksandra, K\u0119dziora Anastazja, Bork Roksana, Turski Micha\u0142, Grundas Weronika, Szadkowska Aleksandra. Serdecznie gratulujemy i zach\u0119camy do kontynuowania i rozwijania swoich umiej\u0119tno\u015bci. Mamy nadziej\u0119, \u017ce rywalizacja w konkursie dostarczy\u0142a [&hellip;]<\/p>\n","protected":false},"author":23,"featured_media":8821,"comment_status":"open","ping_status":"open","sticky":false,"template":"","format":"standard","meta":{"footnotes":""},"categories":[134],"tags":[],"_links":{"self":[{"href":"https:\/\/5lo.lublin.pl\/index.php?rest_route=\/wp\/v2\/posts\/8820"}],"collection":[{"href":"https:\/\/5lo.lublin.pl\/index.php?rest_route=\/wp\/v2\/posts"}],"about":[{"href":"https:\/\/5lo.lublin.pl\/index.php?rest_route=\/wp\/v2\/types\/post"}],"author":[{"embeddable":true,"href":"https:\/\/5lo.lublin.pl\/index.php?rest_route=\/wp\/v2\/users\/23"}],"replies":[{"embeddable":true,"href":"https:\/\/5lo.lublin.pl\/index.php?rest_route=%2Fwp%2Fv2%2Fcomments&post=8820"}],"version-history":[{"count":1,"href":"https:\/\/5lo.lublin.pl\/index.php?rest_route=\/wp\/v2\/posts\/8820\/revisions"}],"predecessor-version":[{"id":8836,"href":"https:\/\/5lo.lublin.pl\/index.php?rest_route=\/wp\/v2\/posts\/8820\/revisions\/8836"}],"wp:featuredmedia":[{"embeddable":true,"href":"https:\/\/5lo.lublin.pl\/index.php?rest_route=\/wp\/v2\/media\/8821"}],"wp:attachment":[{"href":"https:\/\/5lo.lublin.pl\/index.php?rest_route=%2Fwp%2Fv2%2Fmedia&parent=8820"}],"wp:term":[{"taxonomy":"category","embeddable":true,"href":"https:\/\/5lo.lublin.pl\/index.php?rest_route=%2Fwp%2Fv2%2Fcategories&post=8820"},{"taxonomy":"post_tag","embeddable":true,"href":"https:\/\/5lo.lublin.pl\/index.php?rest_route=%2Fwp%2Fv2%2Ftags&post=8820"}],"curies":[{"name":"wp","href":"https:\/\/api.w.org\/{rel}","templated":true}]}}