{"id":8806,"date":"2018-02-19T14:07:13","date_gmt":"2018-02-19T14:07:13","guid":{"rendered":"http:\/\/5lo.lublin.pl\/?p=8806"},"modified":"2018-06-19T20:12:19","modified_gmt":"2018-06-19T20:12:19","slug":"mistrzowski-wystep-michala-sierockiego","status":"publish","type":"post","link":"https:\/\/5lo.lublin.pl\/?p=8806","title":{"rendered":"Mistrzowski wyst\u0119p Micha\u0142a Sierockiego"},"content":{"rendered":"<p>Mistrzowski wyst\u0119p Micha\u0142a Sierockiego w biegu na 60pp\u0142 podczas Halowych Mistrzostw Polski junior\u00f3w. Pewna wygrana w biegu eliminacyjnym a nast\u0119pie fantastyczny bieg fina\u0142owy i z\u0142oty medal. Upadek podczas pierwszego biegu fina\u0142owego chyba tylko jeszcze bardziej pobudzi\u0142o Micha\u0142a do rywalizacji. Gratulacje i czekamy na sezon letni, a tam czekaj\u0105 Mistrzostwa \u015awiata junior\u00f3w!!!<\/p>\n<div id=\"metaslider-id-8809\" style=\"max-width: 1100px; margin: 0 auto;\" class=\"ml-slider-3-62-0 metaslider metaslider-flex metaslider-8809 ml-slider ms-theme-default\" role=\"region\" aria-roledescription=\"Slideshow\" aria-label=\"60pp\u0142\">\n    <div id=\"metaslider_container_8809\">\n        <div id=\"metaslider_8809\" class=\"flexslider\">\n            <ul aria-live=\"polite\" class=\"slides\">\n                <li style=\"display: block; width: 100%;\" class=\"slide-8814 ms-image \" aria-roledescription=\"slide\" aria-label=\"slide-8814\"><img loading=\"lazy\" decoding=\"async\" src=\"https:\/\/5lo.lublin.pl\/wp-content\/uploads\/2018\/02\/20180215_121307-1100x900.jpg\" height=\"900\" width=\"1100\" alt=\"\" class=\"slider-8809 slide-8814\" \/><\/li>\n                <li style=\"display: none; width: 100%;\" class=\"slide-8815 ms-image \" aria-roledescription=\"slide\" aria-label=\"slide-8815\"><img loading=\"lazy\" decoding=\"async\" src=\"https:\/\/5lo.lublin.pl\/wp-content\/uploads\/2018\/02\/201802111849121571torunhmpu20iu18_201802130026-1060x868.jpg\" height=\"900\" width=\"1100\" alt=\"\" class=\"slider-8809 slide-8815\" \/><\/li>\n                <li style=\"display: none; width: 100%;\" class=\"slide-8816 ms-image \" aria-roledescription=\"slide\" aria-label=\"slide-8816\"><img loading=\"lazy\" decoding=\"async\" src=\"https:\/\/5lo.lublin.pl\/wp-content\/uploads\/2018\/02\/201802111917101710torunhmpu20iu18_201802130026-935x765.jpg\" height=\"900\" width=\"1100\" alt=\"\" class=\"slider-8809 slide-8816\" \/><\/li>\n                <li style=\"display: none; width: 100%;\" class=\"slide-8817 ms-image \" aria-roledescription=\"slide\" aria-label=\"slide-8817\"><img loading=\"lazy\" decoding=\"async\" src=\"https:\/\/5lo.lublin.pl\/wp-content\/uploads\/2018\/02\/IMG_2866-1100x900.jpeg\" height=\"900\" width=\"1100\" alt=\"\" class=\"slider-8809 slide-8817\" \/><\/li>\n            <\/ul>\n        <\/div>\n        \n    <\/div>\n<\/div>\n","protected":false},"excerpt":{"rendered":"<p>Mistrzowski wyst\u0119p Micha\u0142a Sierockiego w biegu na 60pp\u0142 podczas Halowych Mistrzostw Polski junior\u00f3w. Pewna wygrana w biegu eliminacyjnym a nast\u0119pie fantastyczny bieg fina\u0142owy i z\u0142oty medal. Upadek podczas pierwszego biegu fina\u0142owego chyba tylko jeszcze bardziej pobudzi\u0142o Micha\u0142a do rywalizacji. Gratulacje i czekamy na sezon letni, a tam czekaj\u0105 Mistrzostwa \u015awiata junior\u00f3w!!!<\/p>\n","protected":false},"author":12,"featured_media":0,"comment_status":"open","ping_status":"open","sticky":false,"template":"","format":"standard","meta":{"footnotes":""},"categories":[138,133],"tags":[],"_links":{"self":[{"href":"https:\/\/5lo.lublin.pl\/index.php?rest_route=\/wp\/v2\/posts\/8806"}],"collection":[{"href":"https:\/\/5lo.lublin.pl\/index.php?rest_route=\/wp\/v2\/posts"}],"about":[{"href":"https:\/\/5lo.lublin.pl\/index.php?rest_route=\/wp\/v2\/types\/post"}],"author":[{"embeddable":true,"href":"https:\/\/5lo.lublin.pl\/index.php?rest_route=\/wp\/v2\/users\/12"}],"replies":[{"embeddable":true,"href":"https:\/\/5lo.lublin.pl\/index.php?rest_route=%2Fwp%2Fv2%2Fcomments&post=8806"}],"version-history":[{"count":1,"href":"https:\/\/5lo.lublin.pl\/index.php?rest_route=\/wp\/v2\/posts\/8806\/revisions"}],"predecessor-version":[{"id":8818,"href":"https:\/\/5lo.lublin.pl\/index.php?rest_route=\/wp\/v2\/posts\/8806\/revisions\/8818"}],"wp:attachment":[{"href":"https:\/\/5lo.lublin.pl\/index.php?rest_route=%2Fwp%2Fv2%2Fmedia&parent=8806"}],"wp:term":[{"taxonomy":"category","embeddable":true,"href":"https:\/\/5lo.lublin.pl\/index.php?rest_route=%2Fwp%2Fv2%2Fcategories&post=8806"},{"taxonomy":"post_tag","embeddable":true,"href":"https:\/\/5lo.lublin.pl\/index.php?rest_route=%2Fwp%2Fv2%2Ftags&post=8806"}],"curies":[{"name":"wp","href":"https:\/\/api.w.org\/{rel}","templated":true}]}}