{"id":8611,"date":"2018-02-14T12:15:01","date_gmt":"2018-02-14T12:15:01","guid":{"rendered":"http:\/\/5lo.lublin.pl\/?p=8611"},"modified":"2018-02-14T12:15:01","modified_gmt":"2018-02-14T12:15:01","slug":"polsko-niemieckie-graffiti-umcs-wydzial-lingwistyki-stosowanej","status":"publish","type":"post","link":"https:\/\/5lo.lublin.pl\/?p=8611","title":{"rendered":"Polsko-niemieckie graffiti &#8211; UMCS Wydzia\u0142 Lingwistyki Stosowanej"},"content":{"rendered":"<p>Dnia 26.01.2018r. klasa 2 D pod opiek\u0105 Pani Izabeli Wagner i Pani Ewy Boczek uczestniczy\u0142a w warsztatach w ramach cyklu spotka\u0144 z lingwistyk\u0105 organizowanych przez UMCS pt. ,,Nosi kaptur to bandyta, maluje po \u015bcianach &#8211; wandal&#8221;. Spotkanie to prowadzi\u0142a pani dr Jolanta Knieja wraz ze studentk\u0105 lingwistyki stosowanej UMCS. Uczestnicy bli\u017cej poznali styl i form\u0119 polskiego i niemieckiego graffiti oraz bogate s\u0142ownictwo zwi\u0105zane z t\u0105 form\u0105 nowoczesnej sztuki.<\/p>\n<div id=\"metaslider-id-8573\" style=\"max-width: 1100px; margin: 0 auto;\" class=\"ml-slider-3-62-0 metaslider metaslider-flex metaslider-8573 ml-slider ms-theme-default\" role=\"region\" aria-roledescription=\"Slideshow\" aria-label=\"Warsztaty 2D\">\n    <div id=\"metaslider_container_8573\">\n        <div id=\"metaslider_8573\" class=\"flexslider\">\n            <ul aria-live=\"polite\" class=\"slides\">\n                <li style=\"display: block; width: 100%;\" class=\"slide-8617 ms-image \" aria-roledescription=\"slide\" aria-label=\"slide-8617\"><img loading=\"lazy\" decoding=\"async\" src=\"https:\/\/5lo.lublin.pl\/wp-content\/uploads\/2018\/02\/received_1337411449723848-1100x900.jpeg\" height=\"900\" width=\"1100\" alt=\"\" class=\"slider-8573 slide-8617\" \/><\/li>\n                <li style=\"display: none; width: 100%;\" class=\"slide-8618 ms-image \" aria-roledescription=\"slide\" aria-label=\"slide-8618\"><img loading=\"lazy\" decoding=\"async\" src=\"https:\/\/5lo.lublin.pl\/wp-content\/uploads\/2018\/02\/received_1337411743057152-568x465.jpeg\" height=\"900\" width=\"1100\" alt=\"\" class=\"slider-8573 slide-8618\" \/><\/li>\n                <li style=\"display: none; width: 100%;\" class=\"slide-8619 ms-image \" aria-roledescription=\"slide\" aria-label=\"slide-8619\"><img loading=\"lazy\" decoding=\"async\" src=\"https:\/\/5lo.lublin.pl\/wp-content\/uploads\/2018\/02\/received_1337411959723797-1100x900.jpeg\" height=\"900\" width=\"1100\" alt=\"\" class=\"slider-8573 slide-8619\" \/><\/li>\n                <li style=\"display: none; width: 100%;\" class=\"slide-8620 ms-image \" aria-roledescription=\"slide\" aria-label=\"slide-8620\"><img loading=\"lazy\" decoding=\"async\" src=\"https:\/\/5lo.lublin.pl\/wp-content\/uploads\/2018\/02\/received_1337412229723770-1100x900.jpeg\" height=\"900\" width=\"1100\" alt=\"\" class=\"slider-8573 slide-8620\" \/><\/li>\n            <\/ul>\n        <\/div>\n        \n    <\/div>\n<\/div>\n","protected":false},"excerpt":{"rendered":"<p>Dnia 26.01.2018r. klasa 2 D pod opiek\u0105 Pani Izabeli Wagner i Pani Ewy Boczek uczestniczy\u0142a w warsztatach w ramach cyklu spotka\u0144 z lingwistyk\u0105 organizowanych przez UMCS pt. ,,Nosi kaptur to bandyta, maluje po \u015bcianach &#8211; wandal&#8221;. Spotkanie to prowadzi\u0142a pani dr Jolanta Knieja wraz ze studentk\u0105 lingwistyki stosowanej UMCS. Uczestnicy bli\u017cej poznali styl i form\u0119 [&hellip;]<\/p>\n","protected":false},"author":12,"featured_media":8616,"comment_status":"open","ping_status":"open","sticky":false,"template":"","format":"standard","meta":{"footnotes":""},"categories":[1,135,133],"tags":[],"_links":{"self":[{"href":"https:\/\/5lo.lublin.pl\/index.php?rest_route=\/wp\/v2\/posts\/8611"}],"collection":[{"href":"https:\/\/5lo.lublin.pl\/index.php?rest_route=\/wp\/v2\/posts"}],"about":[{"href":"https:\/\/5lo.lublin.pl\/index.php?rest_route=\/wp\/v2\/types\/post"}],"author":[{"embeddable":true,"href":"https:\/\/5lo.lublin.pl\/index.php?rest_route=\/wp\/v2\/users\/12"}],"replies":[{"embeddable":true,"href":"https:\/\/5lo.lublin.pl\/index.php?rest_route=%2Fwp%2Fv2%2Fcomments&post=8611"}],"version-history":[{"count":1,"href":"https:\/\/5lo.lublin.pl\/index.php?rest_route=\/wp\/v2\/posts\/8611\/revisions"}],"predecessor-version":[{"id":8621,"href":"https:\/\/5lo.lublin.pl\/index.php?rest_route=\/wp\/v2\/posts\/8611\/revisions\/8621"}],"wp:featuredmedia":[{"embeddable":true,"href":"https:\/\/5lo.lublin.pl\/index.php?rest_route=\/wp\/v2\/media\/8616"}],"wp:attachment":[{"href":"https:\/\/5lo.lublin.pl\/index.php?rest_route=%2Fwp%2Fv2%2Fmedia&parent=8611"}],"wp:term":[{"taxonomy":"category","embeddable":true,"href":"https:\/\/5lo.lublin.pl\/index.php?rest_route=%2Fwp%2Fv2%2Fcategories&post=8611"},{"taxonomy":"post_tag","embeddable":true,"href":"https:\/\/5lo.lublin.pl\/index.php?rest_route=%2Fwp%2Fv2%2Ftags&post=8611"}],"curies":[{"name":"wp","href":"https:\/\/api.w.org\/{rel}","templated":true}]}}