{"id":8309,"date":"2018-01-15T20:45:51","date_gmt":"2018-01-15T20:45:51","guid":{"rendered":"http:\/\/5lo.lublin.pl\/?p=8309"},"modified":"2018-01-15T20:45:51","modified_gmt":"2018-01-15T20:45:51","slug":"sukcesy-naszych-uczniow-w-ogolnopolskim-konkursie-matematycznym-alfik-2","status":"publish","type":"post","link":"https:\/\/5lo.lublin.pl\/?p=8309","title":{"rendered":"Sukcesy naszych uczni\u00f3w w og\u00f3lnopolskim konkursie matematycznym Alfik"},"content":{"rendered":"<h6 style=\"line-height: 1cm;\">W dniu 22 listopada 2017 r. w naszej szkole odby\u0142a si\u0119 XXIII edycja og\u00f3lnopolskiego konkursu z matematyki<br \/>\n&#8222;Alfik matematyczny&#8221;, kt\u00f3ry jest organizowany przez firm\u0119 edukacyjn\u0105 \u0141owcy Talent\u00f3w JERSZ.<br \/>\nW konkursie wzi\u0119\u0142o udzia\u0142 12 uczni\u00f3w z klas matematycznych (1A, 1F, 2A, 2B, 2F). <\/p>\n<p>Z przyjemno\u015bci\u0105 informujemy, i\u017c nasi uczniowie osi\u0105gn\u0119li bardzo dobre wyniki, a dziewi\u0119cioro spo\u015br\u00f3d nich zdoby\u0142o wyr\u00f3\u017cnienia.<\/p>\n<p style=\"text-align: center;\"><strong><span style=\"color: #660033;\">Dyplomy za uzyskanie bardzo dobrego wyniku otrzymali:<\/span><\/strong><br \/>\n<strong><span style=\"color: #009900;\">Micha\u0142 Wo\u017aniak <\/span> ucze\u0144 klasy 1F &#8211; 8 miejsce w wojew\u00f3dztwie.<\/strong><br \/>\n<strong> <span style=\"color: #009900;\"> Maciej C\u0105ka\u0142a<\/span> ucze\u0144 klasy 1F &#8211; 14 miejsce w wojew\u00f3dztwie.<\/strong><br \/>\n<strong> <span style=\"color: #009900;\"> Tymoteusz Kurowiak <\/span> ucze\u0144 klasy 2F &#8211; 14 miejsce w wojew\u00f3dztwie.<\/strong><br \/>\n<strong> <span style=\"color: #009900;\"> Magdalena Barszcz <\/span> uczennica klasy 2F &#8211; 16 miejsce w wojew\u00f3dztwie.<\/strong><br \/>\n<strong> <span style=\"color: #009900;\"> Anna Kny\u015b<\/span> uczennica klasy 2B &#8211; 18 miejsce w wojew\u00f3dztwie.<\/strong><br \/>\n<strong> <span style=\"color: #009900;\"> Wiktoria Grzesiak<\/span> uczennica klasy 2F &#8211; 23 miejsce w wojew\u00f3dztwie.<\/strong>\n<\/p>\n<p style=\"text-align: center;\"><strong><span style=\"color: #660033;\">Dyplomy za uzyskanie dobrego wyniku otrzymali:<\/span><\/strong><br \/>\n<strong><span style=\"color: #009900;\"> Szymon \u015awietlicki <\/span> ucze\u0144 klasy 1A &#8211; 30 miejsce w wojew\u00f3dztwie.<\/strong><br \/>\n<strong> <span style=\"color: #009900;\"> Natalia Zych<\/span> uczennica klasy 1A &#8211; 32 miejsce w wojew\u00f3dztwie.<\/strong><br \/>\n<strong> <span style=\"color: #009900;\">Magdalena Szypulska <\/span> uczennica klasy 2A &#8211; 37 miejsce w wojew\u00f3dztwie.<\/strong><\/p>\n<p style=\"text-align: center;\"><strong>Gratulujemy wysokich wynik\u00f3w i \u017cyczymy dalszych sukces\u00f3w!<\/strong><\/p>\n<p><strong>Opiekunami wyr\u00f3\u017cnionych uczni\u00f3w s\u0105 p. Agata K\u0119pka, p. Edyta Sadowska oraz p. Andrzej Ganczar.<\/strong><\/p>\n","protected":false},"excerpt":{"rendered":"<p>W dniu 22 listopada 2017 r. w naszej szkole odby\u0142a si\u0119 XXIII edycja og\u00f3lnopolskiego konkursu z matematyki &#8222;Alfik matematyczny&#8221;, kt\u00f3ry jest organizowany przez firm\u0119 edukacyjn\u0105 \u0141owcy Talent\u00f3w JERSZ. W konkursie wzi\u0119\u0142o udzia\u0142 12 uczni\u00f3w z klas matematycznych (1A, 1F, 2A, 2B, 2F). Z przyjemno\u015bci\u0105 informujemy, i\u017c nasi uczniowie osi\u0105gn\u0119li bardzo dobre wyniki, a dziewi\u0119cioro spo\u015br\u00f3d [&hellip;]<\/p>\n","protected":false},"author":23,"featured_media":3975,"comment_status":"open","ping_status":"open","sticky":false,"template":"","format":"standard","meta":{"footnotes":""},"categories":[1,134],"tags":[],"_links":{"self":[{"href":"https:\/\/5lo.lublin.pl\/index.php?rest_route=\/wp\/v2\/posts\/8309"}],"collection":[{"href":"https:\/\/5lo.lublin.pl\/index.php?rest_route=\/wp\/v2\/posts"}],"about":[{"href":"https:\/\/5lo.lublin.pl\/index.php?rest_route=\/wp\/v2\/types\/post"}],"author":[{"embeddable":true,"href":"https:\/\/5lo.lublin.pl\/index.php?rest_route=\/wp\/v2\/users\/23"}],"replies":[{"embeddable":true,"href":"https:\/\/5lo.lublin.pl\/index.php?rest_route=%2Fwp%2Fv2%2Fcomments&post=8309"}],"version-history":[{"count":2,"href":"https:\/\/5lo.lublin.pl\/index.php?rest_route=\/wp\/v2\/posts\/8309\/revisions"}],"predecessor-version":[{"id":11914,"href":"https:\/\/5lo.lublin.pl\/index.php?rest_route=\/wp\/v2\/posts\/8309\/revisions\/11914"}],"wp:featuredmedia":[{"embeddable":true,"href":"https:\/\/5lo.lublin.pl\/index.php?rest_route=\/wp\/v2\/media\/3975"}],"wp:attachment":[{"href":"https:\/\/5lo.lublin.pl\/index.php?rest_route=%2Fwp%2Fv2%2Fmedia&parent=8309"}],"wp:term":[{"taxonomy":"category","embeddable":true,"href":"https:\/\/5lo.lublin.pl\/index.php?rest_route=%2Fwp%2Fv2%2Fcategories&post=8309"},{"taxonomy":"post_tag","embeddable":true,"href":"https:\/\/5lo.lublin.pl\/index.php?rest_route=%2Fwp%2Fv2%2Ftags&post=8309"}],"curies":[{"name":"wp","href":"https:\/\/api.w.org\/{rel}","templated":true}]}}