{"id":8162,"date":"2018-01-07T15:00:16","date_gmt":"2018-01-07T15:00:16","guid":{"rendered":"http:\/\/5lo.lublin.pl\/?p=8162"},"modified":"2018-01-07T15:02:13","modified_gmt":"2018-01-07T15:02:13","slug":"sukcesy-naszych-uczniow-w-ogolnopolskim-konkursie-matematycznym-2","status":"publish","type":"post","link":"https:\/\/5lo.lublin.pl\/?p=8162","title":{"rendered":"Sukcesy naszych uczni\u00f3w w og\u00f3lnopolskim konkursie matematycznym"},"content":{"rendered":"<h6 style=\"line-height: 1cm;\">W dniu 6 listopada 2017 r. w naszej szkole odby\u0142a si\u0119 XXVIII edycja og\u00f3lnopolskiego konkursu z matematyki OLIMPIADA WIEDZY ARCHIMEDES PLUS MATEMATYKA PLUS, kt\u00f3ry jest organizowany przez wydawnictwo Amermedia.<br \/>\nW konkursie wzi\u0119\u0142o udzia\u0142 35 uczni\u00f3w z klas matematycznych (1A, 1B, 1F, 2B, 2F, 2S, 3A i 3S). <\/p>\n<p>Z przyjemno\u015bci\u0105 informujemy, \u017ce nasi uczniowie osi\u0105gn\u0119li bardzo dobre wyniki &#8211; sze\u015b\u0107 os\u00f3b uzyska\u0142o tytu\u0142 laureata konkursu:<br \/>\n<center><strong> Laureatem II stopnia zosta\u0142 <span style=\"color: #009900\"> Krzysztof Kurkiewicz<\/span> ucze\u0144 klasy 3 S.<br \/>\n Laureatem II stopnia zosta\u0142 <span style=\"color: #009900\"> Krzysztof Orze\u0142<\/span> ucze\u0144 klasy 3 S.<br \/>\n Laureatem III stopnia zosta\u0142 <span style=\"color: #009900\"> Tymoteusz Kurowiak<\/span> ucze\u0144 klasy 2 F.<br \/>\n Laureatk\u0105 III stopnia zosta\u0142a <span style=\"color: #009900\"> Natalia Zych<\/span> uczennica klasy 1 A.<br \/>\nLaureatem III stopnia zosta\u0142 <span style=\"color: #009900\"> Szymon \u015awietlicki<\/span> ucze\u0144 klasy 1 A.<br \/>\nLaureatem V stopnia zosta\u0142 <span style=\"color: #009900\"> Marcin Skrzypek<\/span> ucze\u0144 klasy 1 B.<\/strong><\/center><\/p>\n<p>Gratulujemy i \u017cyczymy dalszych sukces\u00f3w!<\/p>\n<p>Opiekunami laureat\u00f3w s\u0105 p. Agata K\u0119pka, p. Jadwiga Lasocka oraz p. Andrzej Ganczar.<\/h6>\n","protected":false},"excerpt":{"rendered":"<p>W dniu 6 listopada 2017 r. w naszej szkole odby\u0142a si\u0119 XXVIII edycja og\u00f3lnopolskiego konkursu z matematyki OLIMPIADA WIEDZY ARCHIMEDES PLUS MATEMATYKA PLUS, kt\u00f3ry jest organizowany przez wydawnictwo Amermedia. W konkursie wzi\u0119\u0142o udzia\u0142 35 uczni\u00f3w z klas matematycznych (1A, 1B, 1F, 2B, 2F, 2S, 3A i 3S). Z przyjemno\u015bci\u0105 informujemy, \u017ce nasi uczniowie osi\u0105gn\u0119li bardzo [&hellip;]<\/p>\n","protected":false},"author":23,"featured_media":3865,"comment_status":"open","ping_status":"open","sticky":false,"template":"","format":"standard","meta":{"footnotes":""},"categories":[1,134],"tags":[],"_links":{"self":[{"href":"https:\/\/5lo.lublin.pl\/index.php?rest_route=\/wp\/v2\/posts\/8162"}],"collection":[{"href":"https:\/\/5lo.lublin.pl\/index.php?rest_route=\/wp\/v2\/posts"}],"about":[{"href":"https:\/\/5lo.lublin.pl\/index.php?rest_route=\/wp\/v2\/types\/post"}],"author":[{"embeddable":true,"href":"https:\/\/5lo.lublin.pl\/index.php?rest_route=\/wp\/v2\/users\/23"}],"replies":[{"embeddable":true,"href":"https:\/\/5lo.lublin.pl\/index.php?rest_route=%2Fwp%2Fv2%2Fcomments&post=8162"}],"version-history":[{"count":2,"href":"https:\/\/5lo.lublin.pl\/index.php?rest_route=\/wp\/v2\/posts\/8162\/revisions"}],"predecessor-version":[{"id":11859,"href":"https:\/\/5lo.lublin.pl\/index.php?rest_route=\/wp\/v2\/posts\/8162\/revisions\/11859"}],"wp:featuredmedia":[{"embeddable":true,"href":"https:\/\/5lo.lublin.pl\/index.php?rest_route=\/wp\/v2\/media\/3865"}],"wp:attachment":[{"href":"https:\/\/5lo.lublin.pl\/index.php?rest_route=%2Fwp%2Fv2%2Fmedia&parent=8162"}],"wp:term":[{"taxonomy":"category","embeddable":true,"href":"https:\/\/5lo.lublin.pl\/index.php?rest_route=%2Fwp%2Fv2%2Fcategories&post=8162"},{"taxonomy":"post_tag","embeddable":true,"href":"https:\/\/5lo.lublin.pl\/index.php?rest_route=%2Fwp%2Fv2%2Ftags&post=8162"}],"curies":[{"name":"wp","href":"https:\/\/api.w.org\/{rel}","templated":true}]}}