{"id":8107,"date":"2018-01-04T10:39:32","date_gmt":"2018-01-04T10:39:32","guid":{"rendered":"http:\/\/5lo.lublin.pl\/?p=8107"},"modified":"2018-01-04T10:39:32","modified_gmt":"2018-01-04T10:39:32","slug":"spotkanie-w-mdk-nr-2-w-lublinie","status":"publish","type":"post","link":"https:\/\/5lo.lublin.pl\/?p=8107","title":{"rendered":"Spotkanie w MDK nr 2 w Lublinie"},"content":{"rendered":"<p>W zwi\u0105zku z 150 rocznic\u0105 urodzin Marii Sk\u0142odowskiej \u2013 Curie 14 grudnia klasa 3c wraz z opiekunami (p. Iwona Stefanek- wychowawca, p. Jadwiga Witkowska \u2013 Kunach- nauczyciel bibliotekarz) odwiedzi\u0142a M\u0142odzie\u017cowy Dom Kultury nr 2 w Lublinie. Uczniowie mieli okazj\u0119 obejrze\u0107 wystaw\u0119 fotograficzn\u0105 pt. \u201e Jesienny spacer lubelskim szlakiem Pani Sk\u0142odowskiej\u2026\u201d dotycz\u0105c\u0105 miejsc zwi\u0105zanych ze s\u0142ynn\u0105 noblistk\u0105. Ekspozycja przedstawia\u0142a mi\u0119dzy innymi: pomnik Sk\u0142odowskiej na miasteczku akademickim, Wydzia\u0142 Chemii UMCS, pomnik pa\u0144stwa Curie oraz budynek V Liceum Og\u00f3lnokszta\u0142c\u0105cego mieszcz\u0105cego si\u0119 przy ulicy Marii Curie \u2013 Sk\u0142odowskiej. Prezentowa\u0142a tak\u017ce zdj\u0119cia dokumentuj\u0105ce osi\u0105gni\u0119cia naukowe noblistki oraz rodzin\u0119. Spotkanie i prelekcj\u0119 zako\u0144czono prezentacj\u0105 film\u00f3w dokumentalnych  zwi\u0105zanych z \u017cyciem i osi\u0105gni\u0119ciami naszej patronki.<br \/>\n Spotkanie w domu kultury na ul. Bernardy\u0144skiej  zainteresowa\u0142o bardzo nasz\u0105 m\u0142odzie\u017c i jest pocz\u0105tkiem wsp\u00f3\u0142pracy z MDK nr 2.<br \/>\n                                                                  Oprac.  Wiktoria Kasprzak, Patrycja Siczek klasa 3c<\/p>\n<div id=\"metaslider-id-8110\" style=\"max-width: 800px; margin: 0 auto;\" class=\"ml-slider-3-62-0 metaslider metaslider-flex metaslider-8110 ml-slider ms-theme-default\" role=\"region\" aria-roledescription=\"Slideshow\" aria-label=\"New Slideshow\">\n    <div id=\"metaslider_container_8110\">\n        <div id=\"metaslider_8110\" class=\"flexslider\">\n            <ul aria-live=\"polite\" class=\"slides\">\n                <li style=\"display: block; width: 100%;\" class=\"slide-8112 ms-image \" aria-roledescription=\"slide\" aria-label=\"slide-8112\"><img loading=\"lazy\" decoding=\"async\" src=\"https:\/\/5lo.lublin.pl\/wp-content\/uploads\/2018\/01\/mdk_curie_1-800x700.jpg\" height=\"700\" width=\"800\" alt=\"\" class=\"slider-8110 slide-8112\" \/><\/li>\n                <li style=\"display: none; width: 100%;\" class=\"slide-8114 ms-image \" aria-roledescription=\"slide\" aria-label=\"slide-8114\"><img loading=\"lazy\" decoding=\"async\" src=\"https:\/\/5lo.lublin.pl\/wp-content\/uploads\/2018\/01\/mdk_curie_3-800x700.jpg\" height=\"700\" width=\"800\" alt=\"\" class=\"slider-8110 slide-8114\" \/><\/li>\n                <li style=\"display: none; width: 100%;\" class=\"slide-8116 ms-image \" aria-roledescription=\"slide\" aria-label=\"slide-8116\"><img loading=\"lazy\" decoding=\"async\" src=\"https:\/\/5lo.lublin.pl\/wp-content\/uploads\/2018\/01\/mdk_curie_4-800x700.jpg\" height=\"700\" width=\"800\" alt=\"\" class=\"slider-8110 slide-8116\" \/><\/li>\n                <li style=\"display: none; width: 100%;\" class=\"slide-8118 ms-image \" aria-roledescription=\"slide\" aria-label=\"slide-8118\"><img loading=\"lazy\" decoding=\"async\" src=\"https:\/\/5lo.lublin.pl\/wp-content\/uploads\/2018\/01\/mdk_curie_13-800x700.jpg\" height=\"700\" width=\"800\" alt=\"\" class=\"slider-8110 slide-8118\" \/><\/li>\n                <li style=\"display: none; width: 100%;\" class=\"slide-8120 ms-image \" aria-roledescription=\"slide\" aria-label=\"slide-8120\"><img loading=\"lazy\" decoding=\"async\" src=\"https:\/\/5lo.lublin.pl\/wp-content\/uploads\/2018\/01\/mdk_curie_8-800x700.jpg\" height=\"700\" width=\"800\" alt=\"\" class=\"slider-8110 slide-8120\" \/><\/li>\n                <li style=\"display: none; width: 100%;\" class=\"slide-8122 ms-image \" aria-roledescription=\"slide\" aria-label=\"slide-8122\"><img loading=\"lazy\" decoding=\"async\" src=\"https:\/\/5lo.lublin.pl\/wp-content\/uploads\/2018\/01\/DSC_0139-1-531x465.jpg\" height=\"700\" width=\"800\" alt=\"\" class=\"slider-8110 slide-8122\" \/><\/li>\n                <li style=\"display: none; width: 100%;\" class=\"slide-8124 ms-image \" aria-roledescription=\"slide\" aria-label=\"slide-8124\"><img loading=\"lazy\" decoding=\"async\" src=\"https:\/\/5lo.lublin.pl\/wp-content\/uploads\/2018\/01\/DSC_0140-531x465.jpg\" height=\"700\" width=\"800\" alt=\"\" class=\"slider-8110 slide-8124\" \/><\/li>\n                <li style=\"display: none; width: 100%;\" class=\"slide-8126 ms-image \" aria-roledescription=\"slide\" aria-label=\"slide-8126\"><img loading=\"lazy\" decoding=\"async\" src=\"https:\/\/5lo.lublin.pl\/wp-content\/uploads\/2018\/01\/DSC_0141-531x465.jpg\" height=\"700\" width=\"800\" alt=\"\" class=\"slider-8110 slide-8126\" \/><\/li>\n                <li style=\"display: none; width: 100%;\" class=\"slide-8128 ms-image \" aria-roledescription=\"slide\" aria-label=\"slide-8128\"><img loading=\"lazy\" decoding=\"async\" src=\"https:\/\/5lo.lublin.pl\/wp-content\/uploads\/2018\/01\/DSC_0144-531x465.jpg\" height=\"700\" width=\"800\" alt=\"\" class=\"slider-8110 slide-8128\" \/><\/li>\n                <li style=\"display: none; width: 100%;\" class=\"slide-8130 ms-image \" aria-roledescription=\"slide\" aria-label=\"slide-8130\"><img loading=\"lazy\" decoding=\"async\" src=\"https:\/\/5lo.lublin.pl\/wp-content\/uploads\/2018\/01\/DSC_0145-531x465.jpg\" height=\"700\" width=\"800\" alt=\"\" class=\"slider-8110 slide-8130\" \/><\/li>\n                <li style=\"display: none; width: 100%;\" class=\"slide-8132 ms-image \" aria-roledescription=\"slide\" aria-label=\"slide-8132\"><img loading=\"lazy\" decoding=\"async\" src=\"https:\/\/5lo.lublin.pl\/wp-content\/uploads\/2018\/01\/DSC_0146-531x465.jpg\" height=\"700\" width=\"800\" alt=\"\" class=\"slider-8110 slide-8132\" \/><\/li>\n                <li style=\"display: none; width: 100%;\" class=\"slide-8134 ms-image \" aria-roledescription=\"slide\" aria-label=\"slide-8134\"><img loading=\"lazy\" decoding=\"async\" src=\"https:\/\/5lo.lublin.pl\/wp-content\/uploads\/2018\/01\/DSC_0147-531x465.jpg\" height=\"700\" width=\"800\" alt=\"\" class=\"slider-8110 slide-8134\" \/><\/li>\n                <li style=\"display: none; width: 100%;\" class=\"slide-8136 ms-image \" aria-roledescription=\"slide\" aria-label=\"slide-8136\"><img loading=\"lazy\" decoding=\"async\" src=\"https:\/\/5lo.lublin.pl\/wp-content\/uploads\/2018\/01\/DSC_0148-531x465.jpg\" height=\"700\" width=\"800\" alt=\"\" class=\"slider-8110 slide-8136\" \/><\/li>\n                <li style=\"display: none; width: 100%;\" class=\"slide-8138 ms-image \" aria-roledescription=\"slide\" aria-label=\"slide-8138\"><img loading=\"lazy\" decoding=\"async\" src=\"https:\/\/5lo.lublin.pl\/wp-content\/uploads\/2018\/01\/DSC_0149-531x465.jpg\" height=\"700\" width=\"800\" alt=\"\" class=\"slider-8110 slide-8138\" \/><\/li>\n                <li style=\"display: none; width: 100%;\" class=\"slide-8140 ms-image \" aria-roledescription=\"slide\" aria-label=\"slide-8140\"><img loading=\"lazy\" decoding=\"async\" src=\"https:\/\/5lo.lublin.pl\/wp-content\/uploads\/2018\/01\/DSC_0150-531x465.jpg\" height=\"700\" width=\"800\" alt=\"\" class=\"slider-8110 slide-8140\" \/><\/li>\n            <\/ul>\n        <\/div>\n        \n    <\/div>\n<\/div>\n","protected":false},"excerpt":{"rendered":"<p>W zwi\u0105zku z 150 rocznic\u0105 urodzin Marii Sk\u0142odowskiej \u2013 Curie 14 grudnia klasa 3c wraz z opiekunami (p. Iwona Stefanek- wychowawca, p. Jadwiga Witkowska \u2013 Kunach- nauczyciel bibliotekarz) odwiedzi\u0142a M\u0142odzie\u017cowy Dom Kultury nr 2 w Lublinie. Uczniowie mieli okazj\u0119 obejrze\u0107 wystaw\u0119 fotograficzn\u0105 pt. \u201e Jesienny spacer lubelskim szlakiem Pani Sk\u0142odowskiej\u2026\u201d dotycz\u0105c\u0105 miejsc zwi\u0105zanych ze s\u0142ynn\u0105 [&hellip;]<\/p>\n","protected":false},"author":96,"featured_media":8109,"comment_status":"open","ping_status":"open","sticky":false,"template":"","format":"standard","meta":{"footnotes":""},"categories":[222,1,220],"tags":[],"_links":{"self":[{"href":"https:\/\/5lo.lublin.pl\/index.php?rest_route=\/wp\/v2\/posts\/8107"}],"collection":[{"href":"https:\/\/5lo.lublin.pl\/index.php?rest_route=\/wp\/v2\/posts"}],"about":[{"href":"https:\/\/5lo.lublin.pl\/index.php?rest_route=\/wp\/v2\/types\/post"}],"author":[{"embeddable":true,"href":"https:\/\/5lo.lublin.pl\/index.php?rest_route=\/wp\/v2\/users\/96"}],"replies":[{"embeddable":true,"href":"https:\/\/5lo.lublin.pl\/index.php?rest_route=%2Fwp%2Fv2%2Fcomments&post=8107"}],"version-history":[{"count":1,"href":"https:\/\/5lo.lublin.pl\/index.php?rest_route=\/wp\/v2\/posts\/8107\/revisions"}],"predecessor-version":[{"id":8142,"href":"https:\/\/5lo.lublin.pl\/index.php?rest_route=\/wp\/v2\/posts\/8107\/revisions\/8142"}],"wp:featuredmedia":[{"embeddable":true,"href":"https:\/\/5lo.lublin.pl\/index.php?rest_route=\/wp\/v2\/media\/8109"}],"wp:attachment":[{"href":"https:\/\/5lo.lublin.pl\/index.php?rest_route=%2Fwp%2Fv2%2Fmedia&parent=8107"}],"wp:term":[{"taxonomy":"category","embeddable":true,"href":"https:\/\/5lo.lublin.pl\/index.php?rest_route=%2Fwp%2Fv2%2Fcategories&post=8107"},{"taxonomy":"post_tag","embeddable":true,"href":"https:\/\/5lo.lublin.pl\/index.php?rest_route=%2Fwp%2Fv2%2Ftags&post=8107"}],"curies":[{"name":"wp","href":"https:\/\/api.w.org\/{rel}","templated":true}]}}