{"id":8103,"date":"2018-01-11T10:30:44","date_gmt":"2018-01-11T10:30:44","guid":{"rendered":"http:\/\/5lo.lublin.pl\/?p=8103"},"modified":"2018-01-11T09:28:03","modified_gmt":"2018-01-11T09:28:03","slug":"zebrania-z-rodzicami-24-25-stycznia-2018-r","status":"publish","type":"post","link":"https:\/\/5lo.lublin.pl\/?p=8103","title":{"rendered":"Zebrania z rodzicami 24-25 stycznia 2018 r.(aktualizacja)"},"content":{"rendered":"<p>Szanowni Pa\u0144stwo,<\/p>\n<h6>Uprzejmie informujemy, \u017ce w dniach 24-25.01.2018 r. odb\u0119d\u0105 si\u0119 zebrania z rodzicami.<\/h6>\n<h6><strong><em>Dnia 24 stycznia 2018 r. (\u015broda) <\/em><\/strong><strong><em>o godzinie <\/em><\/strong><strong><em>16.30<\/em><\/strong><strong><em> odb\u0119d\u0105 si\u0119 zebrania z rodzicami uczni\u00f3w <span style=\"color: #ff0000;\">klas pierwszych<\/span> oraz zebranie rodzic\u00f3w <span style=\"color: #ff0000;\">klasy II D.<\/span><br \/>\n<\/em><\/strong><\/h6>\n<p><strong><em>\u00a0<\/em><\/strong><strong><em>Spotkania z wychowawcami odb\u0119d\u0105 si\u0119 w salach:<\/em><\/strong><\/p>\n<p style=\"text-align: center;\"><strong>\u00a0KLASA<\/strong><strong>:\u00a0\u00a0\u00a0\u00a0 <\/strong><\/p>\n<p style=\"text-align: center;\"><strong>I A\u00a0\u00a0\u00a0\u00a0 <\/strong>\u2013\u00a0\u00a0\u00a0\u00a0 <strong>s. 216<\/strong><\/p>\n<p style=\"text-align: center;\"><strong>I B\u00a0\u00a0\u00a0\u00a0\u00a0 \u2013\u00a0\u00a0\u00a0\u00a0 s. 305 <\/strong><\/p>\n<p style=\"text-align: center;\"><strong>I C\u00a0\u00a0\u00a0\u00a0 \u2013\u00a0\u00a0\u00a0\u00a0 s. 314<\/strong><\/p>\n<p style=\"text-align: center;\"><strong>I D\u00a0\u00a0\u00a0\u00a0 \u2013\u00a0\u00a0\u00a0\u00a0 s. 304<\/strong><\/p>\n<p style=\"text-align: center;\"><strong>I E\u00a0\u00a0\u00a0\u00a0\u00a0 \u2013\u00a0\u00a0\u00a0\u00a0 s. 104<\/strong><\/p>\n<p style=\"text-align: center;\"><strong>I F\u00a0\u00a0\u00a0\u00a0\u00a0 \u2013\u00a0\u00a0\u00a0\u00a0 s. 106<\/strong><\/p>\n<p style=\"text-align: center;\"><strong>I G\u00a0\u00a0\u00a0\u00a0\u00a0 \u2013\u00a0\u00a0\u00a0\u00a0 s. 111<\/strong><\/p>\n<p style=\"text-align: center;\"><strong>I H\u00a0\u00a0\u00a0\u00a0 \u2013\u00a0\u00a0\u00a0\u00a0 s. 205<\/strong><\/p>\n<p style=\"text-align: center;\"><strong>\u00a0I J\u00a0\u00a0\u00a0\u00a0 \u2013\u00a0\u00a0\u00a0\u00a0 s.\u00a0 201<\/strong><\/p>\n<p style=\"text-align: center;\"><strong>UWAGA!<\/strong><\/p>\n<p style=\"text-align: center;\">Zebranie rodzic\u00f3w klasy <strong>II D <\/strong>odb\u0119dzie si\u0119 w sali 309.<\/p>\n<p><strong><em>\u00a0\u00a0\u00a0\u00a0\u00a0\u00a0\u00a0\u00a0\u00a0\u00a0\u00a0\u00a0\u00a0\u00a0\u00a0\u00a0\u00a0\u00a0\u00a0\u00a0\u00a0\u00a0\u00a0\u00a0\u00a0\u00a0\u00a0\u00a0\u00a0\u00a0\u00a0\u00a0\u00a0\u00a0\u00a0\u00a0 <\/em><\/strong><\/p>\n<h6><strong><em>Dnia 25 stycznia 2018 r. (czwartek) <\/em><\/strong><strong><em>o godzinie <\/em><\/strong><strong><em>16.30<\/em><\/strong><strong><em> odb\u0119d\u0105 si\u0119 zebrania z rodzicami uczni\u00f3w <span style=\"color: #ff0000;\">klas drugich oraz trzecich (zebranie rodzic\u00f3w klasy II D odb\u0119dzie si\u0119 24.01).<br \/>\n<\/span><\/em><\/strong><\/h6>\n<p><strong><em>\u00a0<\/em><\/strong><strong><em>Spotkania z wychowawcami odb\u0119d\u0105 si\u0119 w salach:<\/em><\/strong><strong> \u00a0\u00a0\u00a0\u00a0\u00a0\u00a0\u00a0\u00a0\u00a0\u00a0\u00a0\u00a0\u00a0\u00a0\u00a0\u00a0\u00a0\u00a0\u00a0\u00a0 <\/strong><\/p>\n<p style=\"text-align: center;\"><strong>KLASA<\/strong><strong>:\u00a0\u00a0 <\/strong><\/p>\n<p style=\"text-align: center;\"><strong>II A\u00a0\u00a0\u00a0 <\/strong>\u2013\u00a0\u00a0\u00a0\u00a0 <strong>s. 112<\/strong><\/p>\n<p style=\"text-align: center;\"><strong>II B\u00a0\u00a0\u00a0 \u2013\u00a0\u00a0\u00a0\u00a0 s. 106<\/strong><\/p>\n<p style=\"text-align: center;\"><strong>II C\u00a0\u00a0\u00a0 \u2013\u00a0\u00a0\u00a0\u00a0 s. 214<\/strong><\/p>\n<p style=\"text-align: center;\"><strong>II E\u00a0\u00a0\u00a0 \u2013\u00a0\u00a0\u00a0\u00a0 s. 314<\/strong><\/p>\n<p style=\"text-align: center;\"><strong>II F\u00a0\u00a0\u00a0 \u2013\u00a0\u00a0\u00a0\u00a0 s. 301<\/strong><\/p>\n<p style=\"text-align: center;\"><strong>II G\u00a0\u00a0\u00a0 \u2013\u00a0\u00a0\u00a0\u00a0 s. 109<\/strong><\/p>\n<p style=\"text-align: center;\"><strong>II H\u00a0\u00a0\u00a0 \u2013\u00a0\u00a0\u00a0\u00a0 s. 211<\/strong><\/p>\n<p style=\"text-align: center;\"><strong>II S\u00a0\u00a0\u00a0 \u2013\u00a0\u00a0\u00a0\u00a0 s.\u00a0 210<\/strong><\/p>\n<p style=\"text-align: center;\"><strong>\u00a0<\/strong><\/p>\n<p style=\"text-align: center;\"><strong>KLASA<\/strong><strong>\u00a0\u00a0\u00a0\u00a0\u00a0\u00a0 :\u00a0\u00a0\u00a0\u00a0 <\/strong><\/p>\n<p style=\"text-align: center;\"><strong>III A\u00a0 <\/strong>\u2013\u00a0\u00a0\u00a0\u00a0 <strong>s. 216<\/strong><\/p>\n<p style=\"text-align: center;\"><strong>III B\u00a0 \u2013\u00a0\u00a0\u00a0\u00a0 s. 305<\/strong><\/p>\n<p style=\"text-align: center;\"><strong>III C\u00a0 \u2013\u00a0\u00a0\u00a0\u00a0 s. 310<\/strong><\/p>\n<p style=\"text-align: center;\"><strong>III D\u00a0 \u2013\u00a0\u00a0\u00a0\u00a0 s. 213<\/strong><\/p>\n<p style=\"text-align: center;\"><strong>III E\u00a0 \u2013\u00a0\u00a0\u00a0\u00a0 s. 304<\/strong><\/p>\n<p style=\"text-align: center;\"><strong>III F\u00a0\u00a0 \u2013\u00a0\u00a0\u00a0\u00a0 s. 204<\/strong><\/p>\n<p style=\"text-align: center;\"><strong>III G\u00a0 \u2013\u00a0\u00a0\u00a0\u00a0 s. 205<\/strong><\/p>\n<p style=\"text-align: center;\"><strong>III H\u00a0 \u2013\u00a0\u00a0\u00a0\u00a0 s. 104<\/strong><\/p>\n<p style=\"text-align: center;\"><strong>III S\u00a0\u00a0 \u2013\u00a0\u00a0\u00a0\u00a0 s. 308<\/strong><\/p>\n<p style=\"text-align: center;\"><strong><br \/>\n<\/strong><\/p>\n<p>Serdecznie zapraszamy!<\/p>\n<p style=\"text-align: center;\"><strong>\u00a0<\/strong><\/p>\n","protected":false},"excerpt":{"rendered":"<p>Szanowni Pa\u0144stwo, Uprzejmie informujemy, \u017ce w dniach 24-25.01.2018 r. odb\u0119d\u0105 si\u0119 zebrania z rodzicami. Dnia 24 stycznia 2018 r. (\u015broda) o godzinie 16.30 odb\u0119d\u0105 si\u0119 zebrania z rodzicami uczni\u00f3w klas pierwszych oraz zebranie rodzic\u00f3w klasy II D. \u00a0Spotkania z wychowawcami odb\u0119d\u0105 si\u0119 w salach: \u00a0KLASA:\u00a0\u00a0\u00a0\u00a0 I A\u00a0\u00a0\u00a0\u00a0 \u2013\u00a0\u00a0\u00a0\u00a0 s. 216 I B\u00a0\u00a0\u00a0\u00a0\u00a0 \u2013\u00a0\u00a0\u00a0\u00a0 s. 305 [&hellip;]<\/p>\n","protected":false},"author":9,"featured_media":3517,"comment_status":"open","ping_status":"open","sticky":false,"template":"","format":"standard","meta":{"footnotes":""},"categories":[1],"tags":[],"_links":{"self":[{"href":"https:\/\/5lo.lublin.pl\/index.php?rest_route=\/wp\/v2\/posts\/8103"}],"collection":[{"href":"https:\/\/5lo.lublin.pl\/index.php?rest_route=\/wp\/v2\/posts"}],"about":[{"href":"https:\/\/5lo.lublin.pl\/index.php?rest_route=\/wp\/v2\/types\/post"}],"author":[{"embeddable":true,"href":"https:\/\/5lo.lublin.pl\/index.php?rest_route=\/wp\/v2\/users\/9"}],"replies":[{"embeddable":true,"href":"https:\/\/5lo.lublin.pl\/index.php?rest_route=%2Fwp%2Fv2%2Fcomments&post=8103"}],"version-history":[{"count":2,"href":"https:\/\/5lo.lublin.pl\/index.php?rest_route=\/wp\/v2\/posts\/8103\/revisions"}],"predecessor-version":[{"id":8270,"href":"https:\/\/5lo.lublin.pl\/index.php?rest_route=\/wp\/v2\/posts\/8103\/revisions\/8270"}],"wp:featuredmedia":[{"embeddable":true,"href":"https:\/\/5lo.lublin.pl\/index.php?rest_route=\/wp\/v2\/media\/3517"}],"wp:attachment":[{"href":"https:\/\/5lo.lublin.pl\/index.php?rest_route=%2Fwp%2Fv2%2Fmedia&parent=8103"}],"wp:term":[{"taxonomy":"category","embeddable":true,"href":"https:\/\/5lo.lublin.pl\/index.php?rest_route=%2Fwp%2Fv2%2Fcategories&post=8103"},{"taxonomy":"post_tag","embeddable":true,"href":"https:\/\/5lo.lublin.pl\/index.php?rest_route=%2Fwp%2Fv2%2Ftags&post=8103"}],"curies":[{"name":"wp","href":"https:\/\/api.w.org\/{rel}","templated":true}]}}