{"id":8093,"date":"2017-12-20T16:28:48","date_gmt":"2017-12-20T16:28:48","guid":{"rendered":"http:\/\/5lo.lublin.pl\/?p=8093"},"modified":"2017-12-20T22:32:54","modified_gmt":"2017-12-20T22:32:54","slug":"nowa-szkolna-telewizja","status":"publish","type":"post","link":"https:\/\/5lo.lublin.pl\/?p=8093","title":{"rendered":"Nowa szkolna telewizja!!!"},"content":{"rendered":"<p>Przedstawiamy Wam film naszej nowej szkolnej telewizji!<\/p>\n<p>Oto kr\u00f3tki reporta\u017c z Miko\u0142ajek 2017.<\/p>\n<p><iframe loading=\"lazy\" width=\"848\" height=\"477\" src=\"https:\/\/www.youtube.com\/embed\/jMWbhTvjGRE?feature=oembed\" frameborder=\"0\" gesture=\"media\" allow=\"encrypted-media\" allowfullscreen><\/iframe><\/p>\n","protected":false},"excerpt":{"rendered":"<p>Przedstawiamy Wam film naszej nowej szkolnej telewizji! Oto kr\u00f3tki reporta\u017c z Miko\u0142ajek 2017.<\/p>\n","protected":false},"author":12,"featured_media":8097,"comment_status":"open","ping_status":"open","sticky":false,"template":"","format":"standard","meta":{"footnotes":""},"categories":[136,133],"tags":[],"_links":{"self":[{"href":"https:\/\/5lo.lublin.pl\/index.php?rest_route=\/wp\/v2\/posts\/8093"}],"collection":[{"href":"https:\/\/5lo.lublin.pl\/index.php?rest_route=\/wp\/v2\/posts"}],"about":[{"href":"https:\/\/5lo.lublin.pl\/index.php?rest_route=\/wp\/v2\/types\/post"}],"author":[{"embeddable":true,"href":"https:\/\/5lo.lublin.pl\/index.php?rest_route=\/wp\/v2\/users\/12"}],"replies":[{"embeddable":true,"href":"https:\/\/5lo.lublin.pl\/index.php?rest_route=%2Fwp%2Fv2%2Fcomments&post=8093"}],"version-history":[{"count":1,"href":"https:\/\/5lo.lublin.pl\/index.php?rest_route=\/wp\/v2\/posts\/8093\/revisions"}],"predecessor-version":[{"id":8094,"href":"https:\/\/5lo.lublin.pl\/index.php?rest_route=\/wp\/v2\/posts\/8093\/revisions\/8094"}],"wp:featuredmedia":[{"embeddable":true,"href":"https:\/\/5lo.lublin.pl\/index.php?rest_route=\/wp\/v2\/media\/8097"}],"wp:attachment":[{"href":"https:\/\/5lo.lublin.pl\/index.php?rest_route=%2Fwp%2Fv2%2Fmedia&parent=8093"}],"wp:term":[{"taxonomy":"category","embeddable":true,"href":"https:\/\/5lo.lublin.pl\/index.php?rest_route=%2Fwp%2Fv2%2Fcategories&post=8093"},{"taxonomy":"post_tag","embeddable":true,"href":"https:\/\/5lo.lublin.pl\/index.php?rest_route=%2Fwp%2Fv2%2Ftags&post=8093"}],"curies":[{"name":"wp","href":"https:\/\/api.w.org\/{rel}","templated":true}]}}