{"id":8086,"date":"2017-12-18T16:56:23","date_gmt":"2017-12-18T16:56:23","guid":{"rendered":"http:\/\/5lo.lublin.pl\/?p=8086"},"modified":"2017-12-18T16:56:23","modified_gmt":"2017-12-18T16:56:23","slug":"grudniowy-numer-lipy-3","status":"publish","type":"post","link":"https:\/\/5lo.lublin.pl\/?p=8086","title":{"rendered":"Grudniowy numer &#8222;Lipy&#8221;"},"content":{"rendered":"<p>Witamy w ostatnim w tym roku kalendarzowego numerze \u201eLipy\u201d. Ju\u017c nied\u0142ugo \u015bwi\u0119ta, czas chwilowego odpoczynku od szkolnej rzeczywisto\u015bci. Najpierw jednak trzeba b\u0119dzie jeszcze<br \/>\npozalicza\u0107 par\u0119 sprawdzian\u00f3w \ud83d\ude42<br \/>\nW tym numerze znajdziecie m.in. przepisy na ciasta, opowiadania, artyku\u0142 o \u015bwi\u0119tach w r\u00f3\u017cnych krajach, relacj\u0119 z tegorocznego Falkonu oraz wiele innych ciekawych artyku\u0142\u00f3w. Zapraszamy do lektury.<\/p>\n<p><a href=\"https:\/\/5lo.lublin.pl\/pliki\/12_2017_Lipa.pdf\" target=\"_blank\" rel=\"noopener\">Kliknij, aby obejrze\u0107 najnowszy numer &#8222;Lipy&#8221;&#8230;<\/a><\/p>\n","protected":false},"excerpt":{"rendered":"<p>Witamy w ostatnim w tym roku kalendarzowego numerze \u201eLipy\u201d. Ju\u017c nied\u0142ugo \u015bwi\u0119ta, czas chwilowego odpoczynku od szkolnej rzeczywisto\u015bci. Najpierw jednak trzeba b\u0119dzie jeszcze pozalicza\u0107 par\u0119 sprawdzian\u00f3w \ud83d\ude42 W tym numerze znajdziecie m.in. przepisy na ciasta, opowiadania, artyku\u0142 o \u015bwi\u0119tach w r\u00f3\u017cnych krajach, relacj\u0119 z tegorocznego Falkonu oraz wiele innych ciekawych artyku\u0142\u00f3w. Zapraszamy do lektury. Kliknij, [&hellip;]<\/p>\n","protected":false},"author":41,"featured_media":8087,"comment_status":"open","ping_status":"open","sticky":false,"template":"","format":"standard","meta":{"footnotes":""},"categories":[179,137,1,136],"tags":[],"_links":{"self":[{"href":"https:\/\/5lo.lublin.pl\/index.php?rest_route=\/wp\/v2\/posts\/8086"}],"collection":[{"href":"https:\/\/5lo.lublin.pl\/index.php?rest_route=\/wp\/v2\/posts"}],"about":[{"href":"https:\/\/5lo.lublin.pl\/index.php?rest_route=\/wp\/v2\/types\/post"}],"author":[{"embeddable":true,"href":"https:\/\/5lo.lublin.pl\/index.php?rest_route=\/wp\/v2\/users\/41"}],"replies":[{"embeddable":true,"href":"https:\/\/5lo.lublin.pl\/index.php?rest_route=%2Fwp%2Fv2%2Fcomments&post=8086"}],"version-history":[{"count":1,"href":"https:\/\/5lo.lublin.pl\/index.php?rest_route=\/wp\/v2\/posts\/8086\/revisions"}],"predecessor-version":[{"id":8089,"href":"https:\/\/5lo.lublin.pl\/index.php?rest_route=\/wp\/v2\/posts\/8086\/revisions\/8089"}],"wp:featuredmedia":[{"embeddable":true,"href":"https:\/\/5lo.lublin.pl\/index.php?rest_route=\/wp\/v2\/media\/8087"}],"wp:attachment":[{"href":"https:\/\/5lo.lublin.pl\/index.php?rest_route=%2Fwp%2Fv2%2Fmedia&parent=8086"}],"wp:term":[{"taxonomy":"category","embeddable":true,"href":"https:\/\/5lo.lublin.pl\/index.php?rest_route=%2Fwp%2Fv2%2Fcategories&post=8086"},{"taxonomy":"post_tag","embeddable":true,"href":"https:\/\/5lo.lublin.pl\/index.php?rest_route=%2Fwp%2Fv2%2Ftags&post=8086"}],"curies":[{"name":"wp","href":"https:\/\/api.w.org\/{rel}","templated":true}]}}