{"id":7455,"date":"2017-11-24T14:40:36","date_gmt":"2017-11-24T14:40:36","guid":{"rendered":"http:\/\/5lo.lublin.pl\/?p=7455"},"modified":"2017-11-24T14:40:36","modified_gmt":"2017-11-24T14:40:36","slug":"sensacyjne-zwyciestwo-szachistow-v-lo","status":"publish","type":"post","link":"https:\/\/5lo.lublin.pl\/?p=7455","title":{"rendered":"Sensacyjne zwyci\u0119stwo szachist\u00f3w V LO!"},"content":{"rendered":"<p>Dru\u017cyna V LO w sk\u0142adzie:<\/p>\n<ol>\n<li>Borowska Silvana III F<\/li>\n<li>Boczkowska Wiktoria I B<\/li>\n<li>Gr\u0105dzki Micha\u0142 I B<\/li>\n<li>Kawa Piotr I B<\/li>\n<li>Mazurek Jakub I B<\/li>\n<li>Skindzier Micha\u0142 II A<\/li>\n<\/ol>\n<p>zwyci\u0119\u017cy\u0142a w Licealiadzia Miasta Lublin w szachach dru\u017cynowych. Pojedynki by\u0142y bardzo zaci\u0119te, a o zwyci\u0119stwie decydowa\u0142y ostatnie ruchy na szachownicy. Zawodnicy naszej szko\u0142y walczyli jak lwy i wytrzymali nerwowo do ko\u0144ca partii.<\/p>\n<p>Trenerem \ud83d\ude09 dru\u017cyny by\u0142, jest i b\u0119dzie Dariusz Augustyniak.<\/p>\n<p>Serdecznie gratulujemy!<\/p>\n<div id=\"metaslider-id-7457\" style=\"max-width: 800px; margin: 0 auto;\" class=\"ml-slider-3-62-0 metaslider metaslider-flex metaslider-7457 ml-slider ms-theme-default\" role=\"region\" aria-roledescription=\"Slideshow\" aria-label=\"Szachy\">\n    <div id=\"metaslider_container_7457\">\n        <div id=\"metaslider_7457\" class=\"flexslider\">\n            <ul aria-live=\"polite\" class=\"slides\">\n                <li style=\"display: block; width: 100%;\" class=\"slide-7463 ms-image \" aria-roledescription=\"slide\" aria-label=\"slide-7463\"><img loading=\"lazy\" decoding=\"async\" src=\"https:\/\/5lo.lublin.pl\/wp-content\/uploads\/2017\/11\/23473119_1852706734951772_214570988409065275_n-720x540.jpg\" height=\"600\" width=\"800\" alt=\"\" class=\"slider-7457 slide-7463\" \/><\/li>\n                <li style=\"display: none; width: 100%;\" class=\"slide-7464 ms-image \" aria-roledescription=\"slide\" aria-label=\"slide-7464\"><img loading=\"lazy\" decoding=\"async\" src=\"https:\/\/5lo.lublin.pl\/wp-content\/uploads\/2017\/11\/23517831_1852707488285030_3183438803007502840_n-720x540.jpg\" height=\"600\" width=\"800\" alt=\"\" class=\"slider-7457 slide-7464\" \/><\/li>\n                <li style=\"display: none; width: 100%;\" class=\"slide-7465 ms-image \" aria-roledescription=\"slide\" aria-label=\"slide-7465\"><img loading=\"lazy\" decoding=\"async\" src=\"https:\/\/5lo.lublin.pl\/wp-content\/uploads\/2017\/11\/23517892_1852707424951703_5280670230419331956_n-720x540.jpg\" height=\"600\" width=\"800\" alt=\"\" class=\"slider-7457 slide-7465\" \/><\/li>\n                <li style=\"display: none; width: 100%;\" class=\"slide-7466 ms-image \" aria-roledescription=\"slide\" aria-label=\"slide-7466\"><img loading=\"lazy\" decoding=\"async\" src=\"https:\/\/5lo.lublin.pl\/wp-content\/uploads\/2017\/11\/23561277_1852707548285024_3553475072913829997_n-720x540.jpg\" height=\"600\" width=\"800\" alt=\"\" class=\"slider-7457 slide-7466\" \/><\/li>\n                <li style=\"display: none; width: 100%;\" class=\"slide-7467 ms-image \" aria-roledescription=\"slide\" aria-label=\"slide-7467\"><img loading=\"lazy\" decoding=\"async\" src=\"https:\/\/5lo.lublin.pl\/wp-content\/uploads\/2017\/11\/23561608_1852706514951794_1132973700052475704_n-720x540.jpg\" height=\"600\" width=\"800\" alt=\"\" class=\"slider-7457 slide-7467\" \/><\/li>\n            <\/ul>\n        <\/div>\n        \n    <\/div>\n<\/div>\n","protected":false},"excerpt":{"rendered":"<p>Dru\u017cyna V LO w sk\u0142adzie: Borowska Silvana III F Boczkowska Wiktoria I B Gr\u0105dzki Micha\u0142 I B Kawa Piotr I B Mazurek Jakub I B Skindzier Micha\u0142 II A zwyci\u0119\u017cy\u0142a w Licealiadzia Miasta Lublin w szachach dru\u017cynowych. Pojedynki by\u0142y bardzo zaci\u0119te, a o zwyci\u0119stwie decydowa\u0142y ostatnie ruchy na szachownicy. Zawodnicy naszej szko\u0142y walczyli jak lwy [&hellip;]<\/p>\n","protected":false},"author":12,"featured_media":7461,"comment_status":"open","ping_status":"open","sticky":false,"template":"","format":"standard","meta":{"footnotes":""},"categories":[138,133],"tags":[],"_links":{"self":[{"href":"https:\/\/5lo.lublin.pl\/index.php?rest_route=\/wp\/v2\/posts\/7455"}],"collection":[{"href":"https:\/\/5lo.lublin.pl\/index.php?rest_route=\/wp\/v2\/posts"}],"about":[{"href":"https:\/\/5lo.lublin.pl\/index.php?rest_route=\/wp\/v2\/types\/post"}],"author":[{"embeddable":true,"href":"https:\/\/5lo.lublin.pl\/index.php?rest_route=\/wp\/v2\/users\/12"}],"replies":[{"embeddable":true,"href":"https:\/\/5lo.lublin.pl\/index.php?rest_route=%2Fwp%2Fv2%2Fcomments&post=7455"}],"version-history":[{"count":1,"href":"https:\/\/5lo.lublin.pl\/index.php?rest_route=\/wp\/v2\/posts\/7455\/revisions"}],"predecessor-version":[{"id":7468,"href":"https:\/\/5lo.lublin.pl\/index.php?rest_route=\/wp\/v2\/posts\/7455\/revisions\/7468"}],"wp:featuredmedia":[{"embeddable":true,"href":"https:\/\/5lo.lublin.pl\/index.php?rest_route=\/wp\/v2\/media\/7461"}],"wp:attachment":[{"href":"https:\/\/5lo.lublin.pl\/index.php?rest_route=%2Fwp%2Fv2%2Fmedia&parent=7455"}],"wp:term":[{"taxonomy":"category","embeddable":true,"href":"https:\/\/5lo.lublin.pl\/index.php?rest_route=%2Fwp%2Fv2%2Fcategories&post=7455"},{"taxonomy":"post_tag","embeddable":true,"href":"https:\/\/5lo.lublin.pl\/index.php?rest_route=%2Fwp%2Fv2%2Ftags&post=7455"}],"curies":[{"name":"wp","href":"https:\/\/api.w.org\/{rel}","templated":true}]}}