{"id":7425,"date":"2017-11-20T18:51:45","date_gmt":"2017-11-20T18:51:45","guid":{"rendered":"http:\/\/5lo.lublin.pl\/?p=7425"},"modified":"2017-11-20T18:51:45","modified_gmt":"2017-11-20T18:51:45","slug":"agata-kanczukowska-mistrzynia-europy-w-karate-tradycyjnym","status":"publish","type":"post","link":"https:\/\/5lo.lublin.pl\/?p=7425","title":{"rendered":"Agata Ka\u0144czukowska mistrzyni\u0105 Europy w Karate Tradycyjnym!!!"},"content":{"rendered":"<p>W weekend 4-5 listopada 2017 r. w stolicy Siedmiogrodu w Cluj-Napoca w Rumunii rozegrane zosta\u0142y XXXIII Mistrzostwa Europy w Karate Tradycyjnym oraz Mistrzostw \u015awiata w Karate Fudokan. Dla karatek\u00f3w z ca\u0142ego \u015bwiata, by\u0142a to najwa\u017cniejsza impreza tego roku. W sumie w ca\u0142ym wydarzeniu spotka\u0142o si\u0119 ponad 1000 zawodnik\u00f3w z 56 kraj\u00f3w. W zawodach tych brali udzia\u0142 uczniowie naszej szko\u0142y: Agata Ka\u0144czukowska (2c) i Dawid Krupa (2d). Na Mistrzostwach Europy w Karate Tradycyjnym w konkurencjach indywidualnych Agata Ka\u0144czukowska wywalczy\u0142a z\u0142oto w kata oraz br\u0105z w fuku-go.<br \/>\nSukces\u00f3w nie zabrak\u0142o r\u00f3wnie\u017c w Mistrzostwach \u015awiata w Karate Fudokan. W konkurencjach dru\u017cynowych nasi uczniowie wywalczyli IV miejsce w konkurencji en-bu, III miejsce w kumite dru\u017cynowym oraz III miejsce w kata dru\u017cynowym.<\/p>\n<p>Agata Ka\u0144czukowska<\/p>\n<div id=\"metaslider-id-7427\" style=\"max-width: 800px; margin: 0 auto;\" class=\"ml-slider-3-62-0 metaslider metaslider-flex metaslider-7427 ml-slider ms-theme-default\" role=\"region\" aria-roledescription=\"Slideshow\" aria-label=\"Agata Ka\u0144czukowska\">\n    <div id=\"metaslider_container_7427\">\n        <div id=\"metaslider_7427\" class=\"flexslider\">\n            <ul aria-live=\"polite\" class=\"slides\">\n                <li style=\"display: block; width: 100%;\" class=\"slide-7435 ms-image \" aria-roledescription=\"slide\" aria-label=\"slide-7435\"><img loading=\"lazy\" decoding=\"async\" src=\"https:\/\/5lo.lublin.pl\/wp-content\/uploads\/2017\/11\/DSC_0349-800x600.jpg\" height=\"600\" width=\"800\" alt=\"\" class=\"slider-7427 slide-7435\" \/><\/li>\n                <li style=\"display: none; width: 100%;\" class=\"slide-7436 ms-image \" aria-roledescription=\"slide\" aria-label=\"slide-7436\"><img loading=\"lazy\" decoding=\"async\" src=\"https:\/\/5lo.lublin.pl\/wp-content\/uploads\/2017\/11\/DSC_0522-800x600.jpg\" height=\"600\" width=\"800\" alt=\"\" class=\"slider-7427 slide-7436\" \/><\/li>\n                <li style=\"display: none; width: 100%;\" class=\"slide-7437 ms-image \" aria-roledescription=\"slide\" aria-label=\"slide-7437\"><img loading=\"lazy\" decoding=\"async\" src=\"https:\/\/5lo.lublin.pl\/wp-content\/uploads\/2017\/11\/DSC_0600-800x600.jpg\" height=\"600\" width=\"800\" alt=\"\" class=\"slider-7427 slide-7437\" \/><\/li>\n                <li style=\"display: none; width: 100%;\" class=\"slide-7438 ms-image \" aria-roledescription=\"slide\" aria-label=\"slide-7438\"><img loading=\"lazy\" decoding=\"async\" src=\"https:\/\/5lo.lublin.pl\/wp-content\/uploads\/2017\/11\/DSC_0604-800x600.jpg\" height=\"600\" width=\"800\" alt=\"\" class=\"slider-7427 slide-7438\" \/><\/li>\n                <li style=\"display: none; width: 100%;\" class=\"slide-7439 ms-image \" aria-roledescription=\"slide\" aria-label=\"slide-7439\"><img loading=\"lazy\" decoding=\"async\" src=\"https:\/\/5lo.lublin.pl\/wp-content\/uploads\/2017\/11\/DSC_0624-800x600.jpg\" height=\"600\" width=\"800\" alt=\"\" class=\"slider-7427 slide-7439\" \/><\/li>\n                <li style=\"display: none; width: 100%;\" class=\"slide-7440 ms-image \" aria-roledescription=\"slide\" aria-label=\"slide-7440\"><img loading=\"lazy\" decoding=\"async\" src=\"https:\/\/5lo.lublin.pl\/wp-content\/uploads\/2017\/11\/DSC_0625-800x600.jpg\" height=\"600\" width=\"800\" alt=\"\" class=\"slider-7427 slide-7440\" \/><\/li>\n                <li style=\"display: none; width: 100%;\" class=\"slide-7441 ms-image \" aria-roledescription=\"slide\" aria-label=\"slide-7441\"><img loading=\"lazy\" decoding=\"async\" src=\"https:\/\/5lo.lublin.pl\/wp-content\/uploads\/2017\/11\/DSC_0710-800x600.jpg\" height=\"600\" width=\"800\" alt=\"\" class=\"slider-7427 slide-7441\" \/><\/li>\n            <\/ul>\n        <\/div>\n        \n    <\/div>\n<\/div>\n","protected":false},"excerpt":{"rendered":"<p>W weekend 4-5 listopada 2017 r. w stolicy Siedmiogrodu w Cluj-Napoca w Rumunii rozegrane zosta\u0142y XXXIII Mistrzostwa Europy w Karate Tradycyjnym oraz Mistrzostw \u015awiata w Karate Fudokan. Dla karatek\u00f3w z ca\u0142ego \u015bwiata, by\u0142a to najwa\u017cniejsza impreza tego roku. W sumie w ca\u0142ym wydarzeniu spotka\u0142o si\u0119 ponad 1000 zawodnik\u00f3w z 56 kraj\u00f3w. W zawodach tych brali [&hellip;]<\/p>\n","protected":false},"author":12,"featured_media":7428,"comment_status":"open","ping_status":"open","sticky":false,"template":"","format":"standard","meta":{"footnotes":""},"categories":[138,133],"tags":[],"_links":{"self":[{"href":"https:\/\/5lo.lublin.pl\/index.php?rest_route=\/wp\/v2\/posts\/7425"}],"collection":[{"href":"https:\/\/5lo.lublin.pl\/index.php?rest_route=\/wp\/v2\/posts"}],"about":[{"href":"https:\/\/5lo.lublin.pl\/index.php?rest_route=\/wp\/v2\/types\/post"}],"author":[{"embeddable":true,"href":"https:\/\/5lo.lublin.pl\/index.php?rest_route=\/wp\/v2\/users\/12"}],"replies":[{"embeddable":true,"href":"https:\/\/5lo.lublin.pl\/index.php?rest_route=%2Fwp%2Fv2%2Fcomments&post=7425"}],"version-history":[{"count":1,"href":"https:\/\/5lo.lublin.pl\/index.php?rest_route=\/wp\/v2\/posts\/7425\/revisions"}],"predecessor-version":[{"id":7442,"href":"https:\/\/5lo.lublin.pl\/index.php?rest_route=\/wp\/v2\/posts\/7425\/revisions\/7442"}],"wp:featuredmedia":[{"embeddable":true,"href":"https:\/\/5lo.lublin.pl\/index.php?rest_route=\/wp\/v2\/media\/7428"}],"wp:attachment":[{"href":"https:\/\/5lo.lublin.pl\/index.php?rest_route=%2Fwp%2Fv2%2Fmedia&parent=7425"}],"wp:term":[{"taxonomy":"category","embeddable":true,"href":"https:\/\/5lo.lublin.pl\/index.php?rest_route=%2Fwp%2Fv2%2Fcategories&post=7425"},{"taxonomy":"post_tag","embeddable":true,"href":"https:\/\/5lo.lublin.pl\/index.php?rest_route=%2Fwp%2Fv2%2Ftags&post=7425"}],"curies":[{"name":"wp","href":"https:\/\/api.w.org\/{rel}","templated":true}]}}