{"id":7094,"date":"2017-11-08T19:05:48","date_gmt":"2017-11-08T19:05:48","guid":{"rendered":"http:\/\/5lo.lublin.pl\/?p=7094"},"modified":"2017-11-24T13:32:07","modified_gmt":"2017-11-24T13:32:07","slug":"pazdziernikowy-numer-lipy-2","status":"publish","type":"post","link":"https:\/\/5lo.lublin.pl\/?p=7094","title":{"rendered":"Pa\u017adziernikowy numer &#8222;Lipy&#8221;"},"content":{"rendered":"<p>Witamy w pierwszym tego roku szkolnego numerze \u201eLipy\u201d. Min\u0105\u0142 ju\u017c drugi miesi\u0105c nauki, za oknem jesie\u0144 pe\u0142n\u0105 par\u0105, ale musimy wykrzesa\u0107 z siebie troch\u0119 energii i motywacji. Byle do \u015bwi\u0105t \ud83d\ude42<\/p>\n<p>Tematem tego numeru gazetki jest nauka. Znajdziecie tu m. in. artyku\u0142 o nauce poprzez granie, kilka felieton\u00f3w, opowiadania i wiele innych. \u017byczymy mi\u0142ej lektury.<\/p>\n<p><a href=\"https:\/\/5lo.lublin.pl\/pliki\/10_2017_Lipa.pdf\" target=\"_blank\" rel=\"noopener\">Kliknij, aby obejrze\u0107 najnowszy numer &#8222;Lipy&#8221;&#8230;<\/a><\/p>\n","protected":false},"excerpt":{"rendered":"<p>Witamy w pierwszym tego roku szkolnego numerze \u201eLipy\u201d. Min\u0105\u0142 ju\u017c drugi miesi\u0105c nauki, za oknem jesie\u0144 pe\u0142n\u0105 par\u0105, ale musimy wykrzesa\u0107 z siebie troch\u0119 energii i motywacji. Byle do \u015bwi\u0105t \ud83d\ude42 Tematem tego numeru gazetki jest nauka. Znajdziecie tu m. in. artyku\u0142 o nauce poprzez granie, kilka felieton\u00f3w, opowiadania i wiele innych. \u017byczymy mi\u0142ej lektury. [&hellip;]<\/p>\n","protected":false},"author":41,"featured_media":7450,"comment_status":"open","ping_status":"open","sticky":false,"template":"","format":"standard","meta":{"footnotes":""},"categories":[179,137,1,136],"tags":[],"_links":{"self":[{"href":"https:\/\/5lo.lublin.pl\/index.php?rest_route=\/wp\/v2\/posts\/7094"}],"collection":[{"href":"https:\/\/5lo.lublin.pl\/index.php?rest_route=\/wp\/v2\/posts"}],"about":[{"href":"https:\/\/5lo.lublin.pl\/index.php?rest_route=\/wp\/v2\/types\/post"}],"author":[{"embeddable":true,"href":"https:\/\/5lo.lublin.pl\/index.php?rest_route=\/wp\/v2\/users\/41"}],"replies":[{"embeddable":true,"href":"https:\/\/5lo.lublin.pl\/index.php?rest_route=%2Fwp%2Fv2%2Fcomments&post=7094"}],"version-history":[{"count":3,"href":"https:\/\/5lo.lublin.pl\/index.php?rest_route=\/wp\/v2\/posts\/7094\/revisions"}],"predecessor-version":[{"id":7454,"href":"https:\/\/5lo.lublin.pl\/index.php?rest_route=\/wp\/v2\/posts\/7094\/revisions\/7454"}],"wp:featuredmedia":[{"embeddable":true,"href":"https:\/\/5lo.lublin.pl\/index.php?rest_route=\/wp\/v2\/media\/7450"}],"wp:attachment":[{"href":"https:\/\/5lo.lublin.pl\/index.php?rest_route=%2Fwp%2Fv2%2Fmedia&parent=7094"}],"wp:term":[{"taxonomy":"category","embeddable":true,"href":"https:\/\/5lo.lublin.pl\/index.php?rest_route=%2Fwp%2Fv2%2Fcategories&post=7094"},{"taxonomy":"post_tag","embeddable":true,"href":"https:\/\/5lo.lublin.pl\/index.php?rest_route=%2Fwp%2Fv2%2Ftags&post=7094"}],"curies":[{"name":"wp","href":"https:\/\/api.w.org\/{rel}","templated":true}]}}