{"id":7026,"date":"2017-11-02T21:38:33","date_gmt":"2017-11-02T21:38:33","guid":{"rendered":"http:\/\/5lo.lublin.pl\/?p=7026"},"modified":"2017-11-06T11:31:15","modified_gmt":"2017-11-06T11:31:15","slug":"zdecydowane-zwyciestwo-naszej-sztafety-w-biegach-przelajowych-dziewczat","status":"publish","type":"post","link":"https:\/\/5lo.lublin.pl\/?p=7026","title":{"rendered":"Zdecydowane zwyci\u0119stwo naszej sztafety w biegach prze\u0142ajowych dziewcz\u0105t!"},"content":{"rendered":"<p>Uczennice i uczniowie naszej szko\u0142y reprezentowali &#8222;Pi\u0105tk\u0119&#8221; w sztafetowych biegach prze\u0142ajowych, kt\u00f3re odby\u0142y si\u0119 w dniu 11.10.2017.r. w w\u0105wozie na Kalinowszczy\u017anie. Pomimo niesprzyjaj\u0105cych warunk\u00f3w\u00a0 pogodowych (zimno i deszczowo), dziewcz\u0119ta\u00a0 jak i ch\u0142opcy, wykazali si\u0119 ogromnym duchem walki. Dziewcz\u0119ta w sk\u0142adzie: Wiktoria Drozd 1J, Natalia Zych 1A, Weronika Fabian 3D, Natalia Pielecha 2D, Katarzyna Kocot 1F, Monika Pa\u015bnik 1J, Anita Cie\u015bla 1H, Natalia Skrzypczak 1J zdoby\u0142y z\u0142ote medale, wyprzedzaj\u0105c drug\u0105 sztafet\u0119 a\u017c o 2 minuty. Ch\u0142opcy w sk\u0142adzie:\u00a0Jakub Kr\u00f3l 1G, Mateusz Adamczyk 1G, Ryszard Gustaw 1B, Karol Dziwulski 1F, Jerzy Fa\u015bciszewki 1B, Jakub Lewandowski 1F, Szymon Kaziuk 3G po zaci\u0119tej walce zaj\u0119li\u00a0 11 miejsce. Opiekunem w Lublinie by\u0142 mgr Andrzej Dubielis.<\/p>\n<p>Dziewcz\u0119ta, jako mistrzynie Lublina, mia\u0142y mo\u017cliwo\u015b\u0107 reprezentowania szko\u0142y 20.10.2017.r w Cycowie w Wojew\u00f3dzkich sztafetowych biegach prze\u0142ajowych, gdzie po zaci\u0119tej walce i na ostatniej zmianie wyprzedzi\u0142y wszystkie rywalki i zdoby\u0142y upragnione z\u0142ote medale. Sk\u0142ad zwyci\u0119skiej sztafety to: Wiktoria Drozd, Justyna Dziedzic, Katarzyna Kocot, Monika Pa\u015bnik, Natalia Skrzypczak i Natalia Zych. Opiekunem w Cycowie by\u0142 mgr Robert Rydz.<\/p>\n<p>Serdecznie gratulujemy wszystkim ekipom!<\/p>\n<p>Poni\u017cej fotorelacja z powy\u017cszych zawod\u00f3w.<\/p>\n<div id=\"metaslider-id-7059\" style=\"max-width: 900px; margin: 0 auto;\" class=\"ml-slider-3-62-0 metaslider metaslider-flex metaslider-7059 ml-slider ms-theme-default\" role=\"region\" aria-roledescription=\"Slideshow\" aria-label=\"Szt B P\">\n    <div id=\"metaslider_container_7059\">\n        <div id=\"metaslider_7059\" class=\"flexslider\">\n            <ul aria-live=\"polite\" class=\"slides\">\n                <li style=\"display: block; width: 100%;\" class=\"slide-7077 ms-image \" aria-roledescription=\"slide\" aria-label=\"slide-7077\"><img loading=\"lazy\" decoding=\"async\" src=\"https:\/\/5lo.lublin.pl\/wp-content\/uploads\/2017\/11\/20171020_140003-900x700.jpg\" height=\"700\" width=\"900\" alt=\"\" class=\"slider-7059 slide-7077\" \/><\/li>\n                <li style=\"display: none; width: 100%;\" class=\"slide-7078 ms-image \" aria-roledescription=\"slide\" aria-label=\"slide-7078\"><img loading=\"lazy\" decoding=\"async\" src=\"https:\/\/5lo.lublin.pl\/wp-content\/uploads\/2017\/11\/20171020_141305-900x700.jpg\" height=\"700\" width=\"900\" alt=\"\" class=\"slider-7059 slide-7078\" \/><\/li>\n                <li style=\"display: none; width: 100%;\" class=\"slide-7079 ms-image \" aria-roledescription=\"slide\" aria-label=\"slide-7079\"><img loading=\"lazy\" decoding=\"async\" src=\"https:\/\/5lo.lublin.pl\/wp-content\/uploads\/2017\/11\/20171020_141307_Burst01-900x700.jpg\" height=\"700\" width=\"900\" alt=\"\" class=\"slider-7059 slide-7079\" \/><\/li>\n                <li style=\"display: none; width: 100%;\" class=\"slide-7080 ms-image \" aria-roledescription=\"slide\" aria-label=\"slide-7080\"><img loading=\"lazy\" decoding=\"async\" src=\"https:\/\/5lo.lublin.pl\/wp-content\/uploads\/2017\/11\/20171020_141441-898x698.jpg\" height=\"700\" width=\"900\" alt=\"\" class=\"slider-7059 slide-7080\" \/><\/li>\n                <li style=\"display: none; width: 100%;\" class=\"slide-7081 ms-image \" aria-roledescription=\"slide\" aria-label=\"slide-7081\"><img loading=\"lazy\" decoding=\"async\" src=\"https:\/\/5lo.lublin.pl\/wp-content\/uploads\/2017\/11\/20171020_141520-900x700.jpg\" height=\"700\" width=\"900\" alt=\"\" class=\"slider-7059 slide-7081\" \/><\/li>\n                <li style=\"display: none; width: 100%;\" class=\"slide-7082 ms-image \" aria-roledescription=\"slide\" aria-label=\"slide-7082\"><img loading=\"lazy\" decoding=\"async\" src=\"https:\/\/5lo.lublin.pl\/wp-content\/uploads\/2017\/11\/20171020_141523-900x700.jpg\" height=\"700\" width=\"900\" alt=\"\" class=\"slider-7059 slide-7082\" \/><\/li>\n                <li style=\"display: none; width: 100%;\" class=\"slide-7083 ms-image \" aria-roledescription=\"slide\" aria-label=\"slide-7083\"><img loading=\"lazy\" decoding=\"async\" src=\"https:\/\/5lo.lublin.pl\/wp-content\/uploads\/2017\/11\/20171020_141903-900x700.jpg\" height=\"700\" width=\"900\" alt=\"\" class=\"slider-7059 slide-7083\" \/><\/li>\n                <li style=\"display: none; width: 100%;\" class=\"slide-7084 ms-image \" aria-roledescription=\"slide\" aria-label=\"slide-7084\"><img loading=\"lazy\" decoding=\"async\" src=\"https:\/\/5lo.lublin.pl\/wp-content\/uploads\/2017\/11\/22339044_331315000667727_5179091895747777457_o-900x700.jpg\" height=\"700\" width=\"900\" alt=\"\" class=\"slider-7059 slide-7084\" \/><\/li>\n                <li style=\"display: none; width: 100%;\" class=\"slide-7085 ms-image \" aria-roledescription=\"slide\" aria-label=\"slide-7085\"><img loading=\"lazy\" decoding=\"async\" src=\"https:\/\/5lo.lublin.pl\/wp-content\/uploads\/2017\/11\/22339209_331314810667746_1646877791684353837_o-900x700.jpg\" height=\"700\" width=\"900\" alt=\"\" class=\"slider-7059 slide-7085\" \/><\/li>\n                <li style=\"display: none; width: 100%;\" class=\"slide-7086 ms-image \" aria-roledescription=\"slide\" aria-label=\"slide-7086\"><img loading=\"lazy\" decoding=\"async\" src=\"https:\/\/5lo.lublin.pl\/wp-content\/uploads\/2017\/11\/22339640_331314997334394_5641836274758396742_o-900x700.jpg\" height=\"700\" width=\"900\" alt=\"\" class=\"slider-7059 slide-7086\" \/><\/li>\n                <li style=\"display: none; width: 100%;\" class=\"slide-7087 ms-image \" aria-roledescription=\"slide\" aria-label=\"slide-7087\"><img loading=\"lazy\" decoding=\"async\" src=\"https:\/\/5lo.lublin.pl\/wp-content\/uploads\/2017\/11\/22382511_331315087334385_4251978978672722658_o-900x700.jpg\" height=\"700\" width=\"900\" alt=\"\" class=\"slider-7059 slide-7087\" \/><\/li>\n                <li style=\"display: none; width: 100%;\" class=\"slide-7088 ms-image \" aria-roledescription=\"slide\" aria-label=\"slide-7088\"><img loading=\"lazy\" decoding=\"async\" src=\"https:\/\/5lo.lublin.pl\/wp-content\/uploads\/2017\/11\/22384168_331315364001024_5012977262897341527_o-900x700.jpg\" height=\"700\" width=\"900\" alt=\"\" class=\"slider-7059 slide-7088\" \/><\/li>\n                <li style=\"display: none; width: 100%;\" class=\"slide-7089 ms-image \" aria-roledescription=\"slide\" aria-label=\"slide-7089\"><img loading=\"lazy\" decoding=\"async\" src=\"https:\/\/5lo.lublin.pl\/wp-content\/uploads\/2017\/11\/22426404_331314627334431_7845988530654833412_o-900x700.jpg\" height=\"700\" width=\"900\" alt=\"\" class=\"slider-7059 slide-7089\" \/><\/li>\n                <li style=\"display: none; width: 100%;\" class=\"slide-7090 ms-image \" aria-roledescription=\"slide\" aria-label=\"slide-7090\"><img loading=\"lazy\" decoding=\"async\" src=\"https:\/\/5lo.lublin.pl\/wp-content\/uploads\/2017\/11\/22459259_331314977334396_3595102465061644192_o-900x700.jpg\" height=\"700\" width=\"900\" alt=\"\" class=\"slider-7059 slide-7090\" \/><\/li>\n                <li style=\"display: none; width: 100%;\" class=\"slide-7091 ms-image \" aria-roledescription=\"slide\" aria-label=\"slide-7091\"><img loading=\"lazy\" decoding=\"async\" src=\"https:\/\/5lo.lublin.pl\/wp-content\/uploads\/2017\/11\/23192456_542677839398077_283972572_o-780x607.jpg\" height=\"700\" width=\"900\" alt=\"\" class=\"slider-7059 slide-7091\" \/><\/li>\n            <\/ul>\n        <\/div>\n        \n    <\/div>\n<\/div>\n","protected":false},"excerpt":{"rendered":"<p>Uczennice i uczniowie naszej szko\u0142y reprezentowali &#8222;Pi\u0105tk\u0119&#8221; w sztafetowych biegach prze\u0142ajowych, kt\u00f3re odby\u0142y si\u0119 w dniu 11.10.2017.r. w w\u0105wozie na Kalinowszczy\u017anie. Pomimo niesprzyjaj\u0105cych warunk\u00f3w\u00a0 pogodowych (zimno i deszczowo), dziewcz\u0119ta\u00a0 jak i ch\u0142opcy, wykazali si\u0119 ogromnym duchem walki. Dziewcz\u0119ta w sk\u0142adzie: Wiktoria Drozd 1J, Natalia Zych 1A, Weronika Fabian 3D, Natalia Pielecha 2D, Katarzyna Kocot 1F, [&hellip;]<\/p>\n","protected":false},"author":12,"featured_media":7076,"comment_status":"open","ping_status":"open","sticky":false,"template":"","format":"standard","meta":{"footnotes":""},"categories":[138,133],"tags":[],"_links":{"self":[{"href":"https:\/\/5lo.lublin.pl\/index.php?rest_route=\/wp\/v2\/posts\/7026"}],"collection":[{"href":"https:\/\/5lo.lublin.pl\/index.php?rest_route=\/wp\/v2\/posts"}],"about":[{"href":"https:\/\/5lo.lublin.pl\/index.php?rest_route=\/wp\/v2\/types\/post"}],"author":[{"embeddable":true,"href":"https:\/\/5lo.lublin.pl\/index.php?rest_route=\/wp\/v2\/users\/12"}],"replies":[{"embeddable":true,"href":"https:\/\/5lo.lublin.pl\/index.php?rest_route=%2Fwp%2Fv2%2Fcomments&post=7026"}],"version-history":[{"count":1,"href":"https:\/\/5lo.lublin.pl\/index.php?rest_route=\/wp\/v2\/posts\/7026\/revisions"}],"predecessor-version":[{"id":7098,"href":"https:\/\/5lo.lublin.pl\/index.php?rest_route=\/wp\/v2\/posts\/7026\/revisions\/7098"}],"wp:featuredmedia":[{"embeddable":true,"href":"https:\/\/5lo.lublin.pl\/index.php?rest_route=\/wp\/v2\/media\/7076"}],"wp:attachment":[{"href":"https:\/\/5lo.lublin.pl\/index.php?rest_route=%2Fwp%2Fv2%2Fmedia&parent=7026"}],"wp:term":[{"taxonomy":"category","embeddable":true,"href":"https:\/\/5lo.lublin.pl\/index.php?rest_route=%2Fwp%2Fv2%2Fcategories&post=7026"},{"taxonomy":"post_tag","embeddable":true,"href":"https:\/\/5lo.lublin.pl\/index.php?rest_route=%2Fwp%2Fv2%2Ftags&post=7026"}],"curies":[{"name":"wp","href":"https:\/\/api.w.org\/{rel}","templated":true}]}}