{"id":6474,"date":"2017-09-23T14:13:22","date_gmt":"2017-09-23T14:13:22","guid":{"rendered":"http:\/\/5lo.lublin.pl\/?p=6474"},"modified":"2017-09-23T14:13:22","modified_gmt":"2017-09-23T14:13:22","slug":"dzien-otwarty-w-v-lo-reminiscencje","status":"publish","type":"post","link":"https:\/\/5lo.lublin.pl\/?p=6474","title":{"rendered":"Dzie\u0144 Otwarty w V LO (reminiscencje)"},"content":{"rendered":"<p>M\u0142odzie\u017c naszej szko\u0142y kolejny raz w\u0142\u0105czy\u0142a si\u0119 w obchody 700-lecia Lublina.<\/p>\n<p>Jak mog\u0142o wygl\u0105da\u0107 nadanie praw miejskich Lublinowi?<\/p>\n<p>Zobaczcie, jak wyobra\u017caj\u0105 to sobie uczniowie I B na filmie nagranym podczas Dnia Otwartego w V LO.<\/p>\n<p>&nbsp;<\/p>\n<p><iframe loading=\"lazy\" width=\"560\" height=\"315\" src=\"https:\/\/www.youtube.com\/embed\/A05TJPiqPK8\" frameborder=\"0\" allowfullscreen><\/iframe><\/p>\n","protected":false},"excerpt":{"rendered":"<p>M\u0142odzie\u017c naszej szko\u0142y kolejny raz w\u0142\u0105czy\u0142a si\u0119 w obchody 700-lecia Lublina. Jak mog\u0142o wygl\u0105da\u0107 nadanie praw miejskich Lublinowi? Zobaczcie, jak wyobra\u017caj\u0105 to sobie uczniowie I B na filmie nagranym podczas Dnia Otwartego w V LO. &nbsp;<\/p>\n","protected":false},"author":1,"featured_media":6476,"comment_status":"open","ping_status":"open","sticky":false,"template":"","format":"standard","meta":{"footnotes":""},"categories":[179,133],"tags":[],"_links":{"self":[{"href":"https:\/\/5lo.lublin.pl\/index.php?rest_route=\/wp\/v2\/posts\/6474"}],"collection":[{"href":"https:\/\/5lo.lublin.pl\/index.php?rest_route=\/wp\/v2\/posts"}],"about":[{"href":"https:\/\/5lo.lublin.pl\/index.php?rest_route=\/wp\/v2\/types\/post"}],"author":[{"embeddable":true,"href":"https:\/\/5lo.lublin.pl\/index.php?rest_route=\/wp\/v2\/users\/1"}],"replies":[{"embeddable":true,"href":"https:\/\/5lo.lublin.pl\/index.php?rest_route=%2Fwp%2Fv2%2Fcomments&post=6474"}],"version-history":[{"count":1,"href":"https:\/\/5lo.lublin.pl\/index.php?rest_route=\/wp\/v2\/posts\/6474\/revisions"}],"predecessor-version":[{"id":6477,"href":"https:\/\/5lo.lublin.pl\/index.php?rest_route=\/wp\/v2\/posts\/6474\/revisions\/6477"}],"wp:featuredmedia":[{"embeddable":true,"href":"https:\/\/5lo.lublin.pl\/index.php?rest_route=\/wp\/v2\/media\/6476"}],"wp:attachment":[{"href":"https:\/\/5lo.lublin.pl\/index.php?rest_route=%2Fwp%2Fv2%2Fmedia&parent=6474"}],"wp:term":[{"taxonomy":"category","embeddable":true,"href":"https:\/\/5lo.lublin.pl\/index.php?rest_route=%2Fwp%2Fv2%2Fcategories&post=6474"},{"taxonomy":"post_tag","embeddable":true,"href":"https:\/\/5lo.lublin.pl\/index.php?rest_route=%2Fwp%2Fv2%2Ftags&post=6474"}],"curies":[{"name":"wp","href":"https:\/\/api.w.org\/{rel}","templated":true}]}}