{"id":6332,"date":"2017-09-14T17:09:15","date_gmt":"2017-09-14T17:09:15","guid":{"rendered":"http:\/\/5lo.lublin.pl\/?p=6332"},"modified":"2017-09-14T17:09:15","modified_gmt":"2017-09-14T17:09:15","slug":"zostan-reporterem-na-v","status":"publish","type":"post","link":"https:\/\/5lo.lublin.pl\/?p=6332","title":{"rendered":"Zosta\u0144 reporterem na V!"},"content":{"rendered":"<p class=\"p2\"><i>Interesujesz si\u0119 dziennikarstwem? My\u015blisz o pracy w mediach? A mo\u017ce piszesz do szuflady?\u00a0<\/i><\/p>\n<p class=\"p2\"><b>W takim razie \u201eLipa\u201d czeka w\u0142a\u015bnie na ciebie! <\/b><\/p>\n<p class=\"p2\">Jak co roku poszukujemy kreatywnych i ch\u0119tnych do wsp\u00f3\u0142pracy uczni\u00f3w, kt\u00f3rzy pomog\u0105 nam rozwija\u0107 szkolne czasopismo. Aby do nas do\u0142\u0105czy\u0107, nie musisz wcale by\u0107 \u201ena humanie\u201d, nie musisz mie\u0107 gotowego pomys\u0142u na siebie. Przyjd\u017a &#8211; wsp\u00f3lnie znajdziemy co\u015b dla ciebie! Fotografia? Kultura? Problemy spo\u0142eczne? Muzyka? Ty wybierasz!<\/p>\n<p class=\"p2\"><b>Czekamy na ciebie w \u015brod\u0119 (20 wrze\u015bnia)\u00a0<\/b><b>w sali 213 o godzinie 15:30 <\/b><\/p>\n","protected":false},"excerpt":{"rendered":"<p>Interesujesz si\u0119 dziennikarstwem? My\u015blisz o pracy w mediach? A mo\u017ce piszesz do szuflady?\u00a0 W takim razie \u201eLipa\u201d czeka w\u0142a\u015bnie na ciebie! Jak co roku poszukujemy kreatywnych i ch\u0119tnych do wsp\u00f3\u0142pracy uczni\u00f3w, kt\u00f3rzy pomog\u0105 nam rozwija\u0107 szkolne czasopismo. Aby do nas do\u0142\u0105czy\u0107, nie musisz wcale by\u0107 \u201ena humanie\u201d, nie musisz mie\u0107 gotowego pomys\u0142u na siebie. Przyjd\u017a [&hellip;]<\/p>\n","protected":false},"author":41,"featured_media":6333,"comment_status":"open","ping_status":"open","sticky":false,"template":"","format":"standard","meta":{"footnotes":""},"categories":[1,135],"tags":[],"_links":{"self":[{"href":"https:\/\/5lo.lublin.pl\/index.php?rest_route=\/wp\/v2\/posts\/6332"}],"collection":[{"href":"https:\/\/5lo.lublin.pl\/index.php?rest_route=\/wp\/v2\/posts"}],"about":[{"href":"https:\/\/5lo.lublin.pl\/index.php?rest_route=\/wp\/v2\/types\/post"}],"author":[{"embeddable":true,"href":"https:\/\/5lo.lublin.pl\/index.php?rest_route=\/wp\/v2\/users\/41"}],"replies":[{"embeddable":true,"href":"https:\/\/5lo.lublin.pl\/index.php?rest_route=%2Fwp%2Fv2%2Fcomments&post=6332"}],"version-history":[{"count":2,"href":"https:\/\/5lo.lublin.pl\/index.php?rest_route=\/wp\/v2\/posts\/6332\/revisions"}],"predecessor-version":[{"id":6335,"href":"https:\/\/5lo.lublin.pl\/index.php?rest_route=\/wp\/v2\/posts\/6332\/revisions\/6335"}],"wp:featuredmedia":[{"embeddable":true,"href":"https:\/\/5lo.lublin.pl\/index.php?rest_route=\/wp\/v2\/media\/6333"}],"wp:attachment":[{"href":"https:\/\/5lo.lublin.pl\/index.php?rest_route=%2Fwp%2Fv2%2Fmedia&parent=6332"}],"wp:term":[{"taxonomy":"category","embeddable":true,"href":"https:\/\/5lo.lublin.pl\/index.php?rest_route=%2Fwp%2Fv2%2Fcategories&post=6332"},{"taxonomy":"post_tag","embeddable":true,"href":"https:\/\/5lo.lublin.pl\/index.php?rest_route=%2Fwp%2Fv2%2Ftags&post=6332"}],"curies":[{"name":"wp","href":"https:\/\/api.w.org\/{rel}","templated":true}]}}