{"id":5938,"date":"2017-06-19T17:32:29","date_gmt":"2017-06-19T17:32:29","guid":{"rendered":"http:\/\/5lo.lublin.pl\/?p=5938"},"modified":"2017-06-19T17:32:29","modified_gmt":"2017-06-19T17:32:29","slug":"700-lat-lublina-czyli-czerwcowy-numer-lipy","status":"publish","type":"post","link":"https:\/\/5lo.lublin.pl\/?p=5938","title":{"rendered":"700 lat Lublina czyli czerwcowy numer &#8222;Lipy&#8221;"},"content":{"rendered":"<p>To ju\u017c ostatni w tym roku szkolnym numer \u201eLipy\u201d. S\u0142oneczna pogoda a\u017c prosi si\u0119 o wyj\u015bcie na dw\u00f3r, ale na szcz\u0119\u015bcie wakacje ju\u017c nied\u0142ugo, tak\u017ce wytrzymajmy jeszcze te kilka dni szkolnej pracy. Warto te\u017c skupi\u0107 si\u0119 na poprawie ocen. W zwi\u0105zku z obchodami 700-lecia miasta, Lublin jest g\u0142\u00f3wnym tematem tego wydania gazetki. W tym numerze m. in. filmy kr\u0119cone w Lublinie, sonda oraz felieton o Lublinie, Lublin w trakcie II wojny \u015bwiatowej, opowiadanie i wiersz oraz du\u017co Lublina. \u017byczymy mi\u0142ej lektury!<\/p>\n<p><a href=\"https:\/\/5lo.lublin.pl\/wp-content\/uploads\/2017\/06\/06_2017_Lipa.pdf\" target=\"_blank\" rel=\"noopener noreferrer\">Kliknij, aby obejrze\u0107 najnowszy numer &#8222;Lipy&#8221;&#8230;<\/a><\/p>\n","protected":false},"excerpt":{"rendered":"<p>To ju\u017c ostatni w tym roku szkolnym numer \u201eLipy\u201d. S\u0142oneczna pogoda a\u017c prosi si\u0119 o wyj\u015bcie na dw\u00f3r, ale na szcz\u0119\u015bcie wakacje ju\u017c nied\u0142ugo, tak\u017ce wytrzymajmy jeszcze te kilka dni szkolnej pracy. Warto te\u017c skupi\u0107 si\u0119 na poprawie ocen. W zwi\u0105zku z obchodami 700-lecia miasta, Lublin jest g\u0142\u00f3wnym tematem tego wydania gazetki. W tym numerze [&hellip;]<\/p>\n","protected":false},"author":41,"featured_media":5941,"comment_status":"open","ping_status":"open","sticky":false,"template":"","format":"standard","meta":{"footnotes":""},"categories":[137,1,136],"tags":[],"_links":{"self":[{"href":"https:\/\/5lo.lublin.pl\/index.php?rest_route=\/wp\/v2\/posts\/5938"}],"collection":[{"href":"https:\/\/5lo.lublin.pl\/index.php?rest_route=\/wp\/v2\/posts"}],"about":[{"href":"https:\/\/5lo.lublin.pl\/index.php?rest_route=\/wp\/v2\/types\/post"}],"author":[{"embeddable":true,"href":"https:\/\/5lo.lublin.pl\/index.php?rest_route=\/wp\/v2\/users\/41"}],"replies":[{"embeddable":true,"href":"https:\/\/5lo.lublin.pl\/index.php?rest_route=%2Fwp%2Fv2%2Fcomments&post=5938"}],"version-history":[{"count":1,"href":"https:\/\/5lo.lublin.pl\/index.php?rest_route=\/wp\/v2\/posts\/5938\/revisions"}],"predecessor-version":[{"id":5942,"href":"https:\/\/5lo.lublin.pl\/index.php?rest_route=\/wp\/v2\/posts\/5938\/revisions\/5942"}],"wp:featuredmedia":[{"embeddable":true,"href":"https:\/\/5lo.lublin.pl\/index.php?rest_route=\/wp\/v2\/media\/5941"}],"wp:attachment":[{"href":"https:\/\/5lo.lublin.pl\/index.php?rest_route=%2Fwp%2Fv2%2Fmedia&parent=5938"}],"wp:term":[{"taxonomy":"category","embeddable":true,"href":"https:\/\/5lo.lublin.pl\/index.php?rest_route=%2Fwp%2Fv2%2Fcategories&post=5938"},{"taxonomy":"post_tag","embeddable":true,"href":"https:\/\/5lo.lublin.pl\/index.php?rest_route=%2Fwp%2Fv2%2Ftags&post=5938"}],"curies":[{"name":"wp","href":"https:\/\/api.w.org\/{rel}","templated":true}]}}