{"id":4688,"date":"2017-03-23T18:24:37","date_gmt":"2017-03-23T18:24:37","guid":{"rendered":"http:\/\/5lo.lublin.pl\/?p=4688"},"modified":"2017-04-06T20:26:09","modified_gmt":"2017-04-06T20:26:09","slug":"dzien-pszczoly-w-v-lo","status":"publish","type":"post","link":"https:\/\/5lo.lublin.pl\/?p=4688","title":{"rendered":"Dzie\u0144 pszczo\u0142y w V LO"},"content":{"rendered":"<p>&nbsp;<\/p>\n<figure id=\"attachment_4691\" aria-describedby=\"caption-attachment-4691\" style=\"width: 300px\" class=\"wp-caption aligncenter\"><img loading=\"lazy\" decoding=\"async\" class=\"size-medium wp-image-4691\" src=\"https:\/\/5lo.lublin.pl\/wp-content\/uploads\/2017\/04\/DSC_6183-300x199.jpg\" alt=\"\" width=\"300\" height=\"199\" srcset=\"https:\/\/5lo.lublin.pl\/wp-content\/uploads\/2017\/04\/DSC_6183-300x199.jpg 300w, https:\/\/5lo.lublin.pl\/wp-content\/uploads\/2017\/04\/DSC_6183-768x509.jpg 768w, https:\/\/5lo.lublin.pl\/wp-content\/uploads\/2017\/04\/DSC_6183-1024x678.jpg 1024w, https:\/\/5lo.lublin.pl\/wp-content\/uploads\/2017\/04\/DSC_6183.jpg 1600w\" sizes=\"(max-width: 300px) 100vw, 300px\" \/><figcaption id=\"caption-attachment-4691\" class=\"wp-caption-text\">Dzie\u0144 pszczo\u0142y<\/figcaption><\/figure>\n<figure id=\"attachment_4692\" aria-describedby=\"caption-attachment-4692\" style=\"width: 300px\" class=\"wp-caption aligncenter\"><img loading=\"lazy\" decoding=\"async\" class=\"wp-image-4692 size-medium\" src=\"https:\/\/5lo.lublin.pl\/wp-content\/uploads\/2017\/04\/DSC_6175-300x199.jpg\" alt=\"\" width=\"300\" height=\"199\" srcset=\"https:\/\/5lo.lublin.pl\/wp-content\/uploads\/2017\/04\/DSC_6175-300x199.jpg 300w, https:\/\/5lo.lublin.pl\/wp-content\/uploads\/2017\/04\/DSC_6175-768x509.jpg 768w, https:\/\/5lo.lublin.pl\/wp-content\/uploads\/2017\/04\/DSC_6175-1024x678.jpg 1024w, https:\/\/5lo.lublin.pl\/wp-content\/uploads\/2017\/04\/DSC_6175.jpg 1600w\" sizes=\"(max-width: 300px) 100vw, 300px\" \/><figcaption id=\"caption-attachment-4692\" class=\"wp-caption-text\">Dzie\u0144 pszczo\u0142y<\/figcaption><\/figure>\n<p>22 marca 2017 odby\u0142a si\u0119 w naszej szkole prelekcja pracownik\u00f3w Uniwersytetu Przyrodniczego w Lublinie Pani Aleksandry \u0141o\u015b i Pana Micha\u0142a Schulza na temat &#8222;Znaczenia pszcz\u00f3\u0142 &#8211; murarek i form ich ochrony&#8221; we wsp\u00f3\u0142pracy z firm\u0105 &#8222;Pszcz\u00f3\u0142ka&#8221;.<\/p>\n<p>Tego dnia we wszystkich klasach przeprowadzony zosta\u0142 quiz z wiedzy dotycz\u0105cej \u017cycia i budowy pszcz\u00f3\u0142, a nagrod\u0105 pyszne cukierki. By\u0142o weso\u0142o.<\/p>\n<p>W naszej szkole zosta\u0142 zamontowany pierwszy hotel dla pszcz\u00f3\u0142. W drewnianych azylach umieszczono od razu filigranowe kokony owad\u00f3w. Ju\u017c wkr\u00f3tce po\u017cyteczne pszczo\u0142y zaczn\u0105 zapyla\u0107 kwiaty w okolicy szko\u0142y. Pszczo\u0142y-murarki to niezwykle po\u017cyteczne owady zapylaj\u0105ce kwiaty, nie stanowi\u0105 zagro\u017cenia dla ludzi .<\/p>\n<p>Hotel dla pszcz\u00f3\u0142 mo\u017ce zrobi\u0107 ka\u017cdy, a mapa hoteli powstaje ju\u017c w wielu miastach.<\/p>\n<p>Koordynator akcji Pani Agnieszka Sioma we wsp\u00f3\u0142pracy z nauczycielami biologii.<\/p>\n","protected":false},"excerpt":{"rendered":"<p>&nbsp; 22 marca 2017 odby\u0142a si\u0119 w naszej szkole prelekcja pracownik\u00f3w Uniwersytetu Przyrodniczego w Lublinie Pani Aleksandry \u0141o\u015b i Pana Micha\u0142a Schulza na temat &#8222;Znaczenia pszcz\u00f3\u0142 &#8211; murarek i form ich ochrony&#8221; we wsp\u00f3\u0142pracy z firm\u0105 &#8222;Pszcz\u00f3\u0142ka&#8221;. Tego dnia we wszystkich klasach przeprowadzony zosta\u0142 quiz z wiedzy dotycz\u0105cej \u017cycia i budowy pszcz\u00f3\u0142, a nagrod\u0105 pyszne [&hellip;]<\/p>\n","protected":false},"author":29,"featured_media":4699,"comment_status":"open","ping_status":"open","sticky":false,"template":"","format":"standard","meta":{"footnotes":""},"categories":[1,135,133],"tags":[],"_links":{"self":[{"href":"https:\/\/5lo.lublin.pl\/index.php?rest_route=\/wp\/v2\/posts\/4688"}],"collection":[{"href":"https:\/\/5lo.lublin.pl\/index.php?rest_route=\/wp\/v2\/posts"}],"about":[{"href":"https:\/\/5lo.lublin.pl\/index.php?rest_route=\/wp\/v2\/types\/post"}],"author":[{"embeddable":true,"href":"https:\/\/5lo.lublin.pl\/index.php?rest_route=\/wp\/v2\/users\/29"}],"replies":[{"embeddable":true,"href":"https:\/\/5lo.lublin.pl\/index.php?rest_route=%2Fwp%2Fv2%2Fcomments&post=4688"}],"version-history":[{"count":2,"href":"https:\/\/5lo.lublin.pl\/index.php?rest_route=\/wp\/v2\/posts\/4688\/revisions"}],"predecessor-version":[{"id":4701,"href":"https:\/\/5lo.lublin.pl\/index.php?rest_route=\/wp\/v2\/posts\/4688\/revisions\/4701"}],"wp:featuredmedia":[{"embeddable":true,"href":"https:\/\/5lo.lublin.pl\/index.php?rest_route=\/wp\/v2\/media\/4699"}],"wp:attachment":[{"href":"https:\/\/5lo.lublin.pl\/index.php?rest_route=%2Fwp%2Fv2%2Fmedia&parent=4688"}],"wp:term":[{"taxonomy":"category","embeddable":true,"href":"https:\/\/5lo.lublin.pl\/index.php?rest_route=%2Fwp%2Fv2%2Fcategories&post=4688"},{"taxonomy":"post_tag","embeddable":true,"href":"https:\/\/5lo.lublin.pl\/index.php?rest_route=%2Fwp%2Fv2%2Ftags&post=4688"}],"curies":[{"name":"wp","href":"https:\/\/api.w.org\/{rel}","templated":true}]}}