{"id":4621,"date":"2017-03-13T15:46:23","date_gmt":"2017-03-13T15:46:23","guid":{"rendered":"http:\/\/5lo.lublin.pl\/?p=4621"},"modified":"2017-03-13T15:49:11","modified_gmt":"2017-03-13T15:49:11","slug":"4621","status":"publish","type":"post","link":"https:\/\/5lo.lublin.pl\/?p=4621","title":{"rendered":"X Og\u00f3lnopolska Olimpiada &#8222;O Diamentowy Indeks AGH&#8221;"},"content":{"rendered":"<p><font size=\"2,5\"><\/p>\n<p style=\"text-align: center;\"><strong>Do fina\u0142u X Og\u00f3lnopolskiej Olimpiady \u201eO Diamentowy Indeks AGH&#8221; zakwalifikowa\u0142o si\u0119 4 uczni\u00f3w z naszej szko\u0142y:<\/strong><\/p>\n<p style=\"text-align: center;\"><span style=\"color: #336633;\"><strong>Ilona W\u00f3jtowicz<\/strong> (<\/span>klasa 3A) z matematyki,<\/p>\n<p style=\"text-align: center;\"><span style=\"color: #336633;\"><strong>Magdalena Zych (<\/strong><\/span>klasa 3A) z matematyki,<\/p>\n<p style=\"text-align: center;\"><span style=\"color: #336633;\"><strong>Tomasz Szyd\u0142owski (<\/strong><\/span>klasa 2F) z geografii z elementami geologii,<\/p>\n<p style=\"text-align: center;\"><span style=\"color: #336633;\"><strong>Aleksander Skubiszewski<\/strong> (<\/span>klasa 2F) z geografii z elementami geologii.<\/p>\n<p style=\"text-align: center;\">\n<p style=\"text-align: center;\">Gratulujemy i \u017cyczymy sukces\u00f3w w finale!<\/p>\n<p><\/font><\/p>\n","protected":false},"excerpt":{"rendered":"<p>Do fina\u0142u X Og\u00f3lnopolskiej Olimpiady \u201eO Diamentowy Indeks AGH&#8221; zakwalifikowa\u0142o si\u0119 4 uczni\u00f3w z naszej szko\u0142y: Ilona W\u00f3jtowicz (klasa 3A) z matematyki, Magdalena Zych (klasa 3A) z matematyki, Tomasz Szyd\u0142owski (klasa 2F) z geografii z elementami geologii, Aleksander Skubiszewski (klasa 2F) z geografii z elementami geologii. Gratulujemy i \u017cyczymy sukces\u00f3w w finale!<\/p>\n","protected":false},"author":23,"featured_media":4622,"comment_status":"open","ping_status":"open","sticky":false,"template":"","format":"standard","meta":{"footnotes":""},"categories":[1],"tags":[],"_links":{"self":[{"href":"https:\/\/5lo.lublin.pl\/index.php?rest_route=\/wp\/v2\/posts\/4621"}],"collection":[{"href":"https:\/\/5lo.lublin.pl\/index.php?rest_route=\/wp\/v2\/posts"}],"about":[{"href":"https:\/\/5lo.lublin.pl\/index.php?rest_route=\/wp\/v2\/types\/post"}],"author":[{"embeddable":true,"href":"https:\/\/5lo.lublin.pl\/index.php?rest_route=\/wp\/v2\/users\/23"}],"replies":[{"embeddable":true,"href":"https:\/\/5lo.lublin.pl\/index.php?rest_route=%2Fwp%2Fv2%2Fcomments&post=4621"}],"version-history":[{"count":2,"href":"https:\/\/5lo.lublin.pl\/index.php?rest_route=\/wp\/v2\/posts\/4621\/revisions"}],"predecessor-version":[{"id":4640,"href":"https:\/\/5lo.lublin.pl\/index.php?rest_route=\/wp\/v2\/posts\/4621\/revisions\/4640"}],"wp:featuredmedia":[{"embeddable":true,"href":"https:\/\/5lo.lublin.pl\/index.php?rest_route=\/wp\/v2\/media\/4622"}],"wp:attachment":[{"href":"https:\/\/5lo.lublin.pl\/index.php?rest_route=%2Fwp%2Fv2%2Fmedia&parent=4621"}],"wp:term":[{"taxonomy":"category","embeddable":true,"href":"https:\/\/5lo.lublin.pl\/index.php?rest_route=%2Fwp%2Fv2%2Fcategories&post=4621"},{"taxonomy":"post_tag","embeddable":true,"href":"https:\/\/5lo.lublin.pl\/index.php?rest_route=%2Fwp%2Fv2%2Ftags&post=4621"}],"curies":[{"name":"wp","href":"https:\/\/api.w.org\/{rel}","templated":true}]}}