{"id":3698,"date":"2016-05-29T14:40:17","date_gmt":"2016-05-29T14:40:17","guid":{"rendered":"http:\/\/5lo.lublin.pl\/?p=3698"},"modified":"2017-02-13T18:58:14","modified_gmt":"2017-02-13T18:58:14","slug":"majowy-numer-lipy","status":"publish","type":"post","link":"https:\/\/5lo.lublin.pl\/?p=3698","title":{"rendered":"Majowy numer &#8222;Lipy&#8221;"},"content":{"rendered":"<p>Za nami niezwykle emocjonuj\u0105cy czas. Jednym min\u0105\u0142 on szybciej, innym nieco wolniej. Jedni dopiero zapoznawali si\u0119 z nasz\u0105 szko\u0142\u0105, inni zd\u0105\u017cyli si\u0119 ju\u017c z ni\u0105 po\u017cegna\u0107. Wracamy do Was z ostatnim w tym roku szkolnym numerem \u201eLipy\u201d. Znajdzie si\u0119 w nim co\u015b dla ka\u017cdego. Wydarzenia z \u017cycia szko\u0142y, ciekawe felietony, czy tematy wakacyjne \u2013 to tylko niekt\u00f3re z naszych propozycji. \u017byczymy mi\u0142ej lektury!<\/p>\n<p><a href=\"https:\/\/5lo.lublin.pl\/wp-content\/uploads\/2016\/12\/05_2016_Lipa.pdf\" target=\"_blank\">Kliknij, aby obejrze\u0107 najnowszy numer &#8222;Lipy&#8221;&#8230;<\/a><\/p>\n","protected":false},"excerpt":{"rendered":"<p>Za nami niezwykle emocjonuj\u0105cy czas. Jednym min\u0105\u0142 on szybciej, innym nieco wolniej. Jedni dopiero zapoznawali si\u0119 z nasz\u0105 szko\u0142\u0105, inni zd\u0105\u017cyli si\u0119 ju\u017c z ni\u0105 po\u017cegna\u0107. Wracamy do Was z ostatnim w tym roku szkolnym numerem \u201eLipy\u201d. Znajdzie si\u0119 w nim co\u015b dla ka\u017cdego. Wydarzenia z \u017cycia szko\u0142y, ciekawe felietony, czy tematy wakacyjne \u2013 to [&hellip;]<\/p>\n","protected":false},"author":41,"featured_media":4450,"comment_status":"open","ping_status":"open","sticky":false,"template":"","format":"standard","meta":{"footnotes":""},"categories":[137,1],"tags":[],"_links":{"self":[{"href":"https:\/\/5lo.lublin.pl\/index.php?rest_route=\/wp\/v2\/posts\/3698"}],"collection":[{"href":"https:\/\/5lo.lublin.pl\/index.php?rest_route=\/wp\/v2\/posts"}],"about":[{"href":"https:\/\/5lo.lublin.pl\/index.php?rest_route=\/wp\/v2\/types\/post"}],"author":[{"embeddable":true,"href":"https:\/\/5lo.lublin.pl\/index.php?rest_route=\/wp\/v2\/users\/41"}],"replies":[{"embeddable":true,"href":"https:\/\/5lo.lublin.pl\/index.php?rest_route=%2Fwp%2Fv2%2Fcomments&post=3698"}],"version-history":[{"count":1,"href":"https:\/\/5lo.lublin.pl\/index.php?rest_route=\/wp\/v2\/posts\/3698\/revisions"}],"predecessor-version":[{"id":3705,"href":"https:\/\/5lo.lublin.pl\/index.php?rest_route=\/wp\/v2\/posts\/3698\/revisions\/3705"}],"wp:featuredmedia":[{"embeddable":true,"href":"https:\/\/5lo.lublin.pl\/index.php?rest_route=\/wp\/v2\/media\/4450"}],"wp:attachment":[{"href":"https:\/\/5lo.lublin.pl\/index.php?rest_route=%2Fwp%2Fv2%2Fmedia&parent=3698"}],"wp:term":[{"taxonomy":"category","embeddable":true,"href":"https:\/\/5lo.lublin.pl\/index.php?rest_route=%2Fwp%2Fv2%2Fcategories&post=3698"},{"taxonomy":"post_tag","embeddable":true,"href":"https:\/\/5lo.lublin.pl\/index.php?rest_route=%2Fwp%2Fv2%2Ftags&post=3698"}],"curies":[{"name":"wp","href":"https:\/\/api.w.org\/{rel}","templated":true}]}}