{"id":3608,"date":"2016-11-10T18:00:39","date_gmt":"2016-11-10T18:00:39","guid":{"rendered":"http:\/\/5lo.lublin.pl\/?p=3608"},"modified":"2016-11-10T12:28:18","modified_gmt":"2016-11-10T12:28:18","slug":"zebrania-z-rodzicami-16-17-listopada-2016-r","status":"publish","type":"post","link":"https:\/\/5lo.lublin.pl\/?p=3608","title":{"rendered":"Zebrania z rodzicami 16 &#8211; 17 listopada 2016 r."},"content":{"rendered":"<h5 style=\"text-align: center\"><span style=\"text-decoration: underline\"><strong>PRZYDZIA\u0141\u00a0 SAL\u00a0 NA\u00a0 ZEBRANIA RODZIC\u00d3W<\/strong><\/span><\/h5>\n<h3 style=\"text-align: center\"><span style=\"color: #ff0000\"><strong><em>Dnia 16 listopada 2016 r. (\u015broda)<\/em><\/strong><\/span><strong><em><br \/>\n<\/em><\/strong><\/h3>\n<h6 style=\"text-align: center\"><span style=\"color: #008000\"><strong><em>o godzinie <\/em><\/strong><span style=\"text-decoration: underline\"><strong><em>16.30<\/em><\/strong><\/span><strong><em> odb\u0119dzie si\u0119 spotkanie w dolnej sali gimnastycznej z\u00a0Pani\u0105 Jolant\u0105 Smolak \u2013 pracownikiem Poradni Stowarzyszenia MONAR,<\/em><\/strong><\/span><\/h6>\n<h6 style=\"text-align: center\"><span style=\"color: #008000\"><strong><em>nast\u0119pnie spotkania z wychowawcami odb\u0119d\u0105 si\u0119 w salach:<\/em><\/strong><\/span><\/h6>\n<h5 style=\"text-align: center\"><span style=\"color: #000000\"><strong>KLASA\u00a0\u00a0\u00a0\u00a0\u00a0\u00a0 :\u00a0\u00a0\u00a0\u00a0 <\/strong><\/span><\/h5>\n<h5 style=\"text-align: center\"><span style=\"color: #000000\"><strong>I A\u00a0\u00a0\u00a0\u00a0\u00a0\u00a0 <\/strong>\u2013\u00a0\u00a0\u00a0\u00a0\u00a0 <strong>s. 112<\/strong><\/span><\/h5>\n<h5 style=\"text-align: center\"><span style=\"color: #000000\"><strong>I B\u00a0\u00a0\u00a0\u00a0\u00a0\u00a0 \u2013\u00a0\u00a0\u00a0\u00a0\u00a0 s. 106<\/strong><\/span><\/h5>\n<h5 style=\"text-align: center\"><span style=\"color: #000000\"><strong>I C\u00a0\u00a0\u00a0\u00a0\u00a0\u00a0 \u2013\u00a0\u00a0\u00a0\u00a0\u00a0 s. 214<\/strong><\/span><\/h5>\n<h5 style=\"text-align: center\"><span style=\"color: #000000\"><strong>I D\u00a0\u00a0\u00a0\u00a0\u00a0\u00a0 \u2013\u00a0\u00a0\u00a0\u00a0\u00a0 s. 105<\/strong><\/span><\/h5>\n<h5 style=\"text-align: center\"><span style=\"color: #000000\"><strong>I E\u00a0\u00a0\u00a0\u00a0\u00a0\u00a0 \u2013\u00a0\u00a0\u00a0\u00a0\u00a0 s. 314<\/strong><\/span><\/h5>\n<h5 style=\"text-align: center\"><span style=\"color: #000000\"><strong>I F\u00a0\u00a0\u00a0\u00a0\u00a0\u00a0 \u2013\u00a0\u00a0\u00a0\u00a0\u00a0 s. 305<\/strong><\/span><\/h5>\n<h5 style=\"text-align: center\"><span style=\"color: #000000\"><strong>I G\u00a0\u00a0\u00a0\u00a0\u00a0 \u2013\u00a0\u00a0\u00a0\u00a0 s. 109<\/strong><\/span><\/h5>\n<h5 style=\"text-align: center\"><span style=\"color: #000000\"><strong>I H\u00a0\u00a0\u00a0\u00a0\u00a0\u00a0 \u2013\u00a0\u00a0\u00a0\u00a0\u00a0 s. 211<\/strong><\/span><\/h5>\n<h5 style=\"text-align: center\"><span style=\"color: #000000\"><strong>\u00a0I S\u00a0\u00a0\u00a0\u00a0\u00a0\u00a0 \u2013\u00a0\u00a0\u00a0\u00a0\u00a0 s.\u00a0 111<\/strong><\/span><\/h5>\n<h5 style=\"text-align: center\"><strong>UWAGA!<\/strong><\/h5>\n<h5 style=\"text-align: center\"><strong>W dniu 16 listopada 2016 r. odb\u0119d\u0105 si\u0119 tak\u017ce zebrania: <\/strong><\/h5>\n<h5 style=\"text-align: center\"><strong>o godz. 16.30:<\/strong><\/h5>\n<h5 style=\"text-align: center\"><span style=\"color: #ff00ff\"><strong>Klasy II G \u2013 s. 108<\/strong><\/span><\/h5>\n<h5 style=\"text-align: center\"><span style=\"color: #ff00ff\"><strong>Klasy III C \u2013 s. 309<\/strong><\/span><\/h5>\n<h5 style=\"text-align: center\"><strong>o godz. 17.30:<\/strong><\/h5>\n<h5 style=\"text-align: center\"><span style=\"color: #ff00ff\"><strong>Klasa III S \u2013 s. 204<\/strong><\/span><strong><em><br \/>\n<\/em><\/strong><\/h5>\n<hr \/>\n<h3 style=\"text-align: center\"><span style=\"color: #ff0000\"><strong><em>Dnia 17 listopada 2016 r. (czwartek) o godzinie <\/em><\/strong><strong><em>16<sup>30<\/sup><\/em><\/strong><\/span><strong><br \/>\n<\/strong><\/h3>\n<h5 style=\"text-align: center\"><strong>KLASA<\/strong><strong>:\u00a0\u00a0 <\/strong><\/h5>\n<h5 style=\"text-align: center\"><strong>II A\u00a0\u00a0\u00a0 <\/strong>\u2013\u00a0\u00a0\u00a0\u00a0 <strong>s. 108<\/strong><\/h5>\n<h5 style=\"text-align: center\"><strong>II B\u00a0\u00a0\u00a0 \u2013\u00a0\u00a0\u00a0\u00a0 s. 305<\/strong><\/h5>\n<h5 style=\"text-align: center\"><strong>II C\u00a0\u00a0\u00a0 \u2013\u00a0\u00a0\u00a0\u00a0 s. 314<\/strong><\/h5>\n<h5 style=\"text-align: center\"><strong>II D\u00a0\u00a0\u00a0 \u2013\u00a0\u00a0\u00a0\u00a0 s. 213<\/strong><\/h5>\n<h5 style=\"text-align: center\"><strong>II E\u00a0\u00a0\u00a0 \u2013\u00a0\u00a0\u00a0\u00a0 s. 304<\/strong><\/h5>\n<h5 style=\"text-align: center\"><strong>II F\u00a0\u00a0\u00a0 \u2013\u00a0\u00a0\u00a0\u00a0 s. 306<\/strong><\/h5>\n<h5 style=\"text-align: center\"><strong>II S\u00a0\u00a0\u00a0 \u2013\u00a0\u00a0\u00a0\u00a0 s.\u00a0 315<\/strong><\/h5>\n<h5 style=\"text-align: center\"><strong>KLASA<\/strong><strong>\u00a0\u00a0\u00a0\u00a0\u00a0\u00a0 :\u00a0\u00a0\u00a0\u00a0 <\/strong><\/h5>\n<h5 style=\"text-align: center\"><strong>III A\u00a0 <\/strong>\u2013\u00a0\u00a0\u00a0\u00a0 <strong>s. 112<\/strong><\/h5>\n<h5 style=\"text-align: center\"><strong>III B\u00a0 \u2013\u00a0\u00a0\u00a0\u00a0 s. 301<\/strong><\/h5>\n<h5 style=\"text-align: center\"><strong>III D\u00a0 \u2013\u00a0\u00a0\u00a0\u00a0 s. 310<\/strong><\/h5>\n<h5 style=\"text-align: center\"><strong>III E\u00a0 \u2013\u00a0\u00a0\u00a0\u00a0 s. 111<\/strong><\/h5>\n<h5 style=\"text-align: center\"><strong>III F\u00a0\u00a0 \u2013\u00a0\u00a0\u00a0\u00a0 s. 205<\/strong><\/h5>\n<h5 style=\"text-align: center\"><strong>III G\u00a0 \u2013\u00a0\u00a0\u00a0\u00a0 s. 106<\/strong><\/h5>\n<h5 style=\"text-align: center\"><strong>III H\u00a0 \u2013\u00a0\u00a0\u00a0\u00a0 s. 214<\/strong><\/h5>\n<h5 style=\"text-align: center\"><strong>Uwaga!<\/strong><\/h5>\n<h5 style=\"text-align: center\"><span style=\"color: #ff00ff\"><strong>Klasa II H rozpocznie zebranie o godz. 17.00 (sala 104)<br \/>\n<\/strong><\/span><\/h5>\n","protected":false},"excerpt":{"rendered":"<p>PRZYDZIA\u0141\u00a0 SAL\u00a0 NA\u00a0 ZEBRANIA RODZIC\u00d3W Dnia 16 listopada 2016 r. (\u015broda) o godzinie 16.30 odb\u0119dzie si\u0119 spotkanie w dolnej sali gimnastycznej z\u00a0Pani\u0105 Jolant\u0105 Smolak \u2013 pracownikiem Poradni Stowarzyszenia MONAR, nast\u0119pnie spotkania z wychowawcami odb\u0119d\u0105 si\u0119 w salach: KLASA\u00a0\u00a0\u00a0\u00a0\u00a0\u00a0 :\u00a0\u00a0\u00a0\u00a0 I A\u00a0\u00a0\u00a0\u00a0\u00a0\u00a0 \u2013\u00a0\u00a0\u00a0\u00a0\u00a0 s. 112 I B\u00a0\u00a0\u00a0\u00a0\u00a0\u00a0 \u2013\u00a0\u00a0\u00a0\u00a0\u00a0 s. 106 I C\u00a0\u00a0\u00a0\u00a0\u00a0\u00a0 \u2013\u00a0\u00a0\u00a0\u00a0\u00a0 s. 214 I [&hellip;]<\/p>\n","protected":false},"author":9,"featured_media":3517,"comment_status":"open","ping_status":"open","sticky":false,"template":"","format":"standard","meta":{"footnotes":""},"categories":[1],"tags":[],"_links":{"self":[{"href":"https:\/\/5lo.lublin.pl\/index.php?rest_route=\/wp\/v2\/posts\/3608"}],"collection":[{"href":"https:\/\/5lo.lublin.pl\/index.php?rest_route=\/wp\/v2\/posts"}],"about":[{"href":"https:\/\/5lo.lublin.pl\/index.php?rest_route=\/wp\/v2\/types\/post"}],"author":[{"embeddable":true,"href":"https:\/\/5lo.lublin.pl\/index.php?rest_route=\/wp\/v2\/users\/9"}],"replies":[{"embeddable":true,"href":"https:\/\/5lo.lublin.pl\/index.php?rest_route=%2Fwp%2Fv2%2Fcomments&post=3608"}],"version-history":[{"count":1,"href":"https:\/\/5lo.lublin.pl\/index.php?rest_route=\/wp\/v2\/posts\/3608\/revisions"}],"predecessor-version":[{"id":3619,"href":"https:\/\/5lo.lublin.pl\/index.php?rest_route=\/wp\/v2\/posts\/3608\/revisions\/3619"}],"wp:featuredmedia":[{"embeddable":true,"href":"https:\/\/5lo.lublin.pl\/index.php?rest_route=\/wp\/v2\/media\/3517"}],"wp:attachment":[{"href":"https:\/\/5lo.lublin.pl\/index.php?rest_route=%2Fwp%2Fv2%2Fmedia&parent=3608"}],"wp:term":[{"taxonomy":"category","embeddable":true,"href":"https:\/\/5lo.lublin.pl\/index.php?rest_route=%2Fwp%2Fv2%2Fcategories&post=3608"},{"taxonomy":"post_tag","embeddable":true,"href":"https:\/\/5lo.lublin.pl\/index.php?rest_route=%2Fwp%2Fv2%2Ftags&post=3608"}],"curies":[{"name":"wp","href":"https:\/\/api.w.org\/{rel}","templated":true}]}}