{"id":3597,"date":"2016-11-08T09:46:27","date_gmt":"2016-11-08T09:46:27","guid":{"rendered":"http:\/\/5lo.lublin.pl\/?p=3597"},"modified":"2016-11-08T09:55:37","modified_gmt":"2016-11-08T09:55:37","slug":"gala-ogolnopolskiego-przegladu-poezji-xix-jesienne-debiuty-poetyckie","status":"publish","type":"post","link":"https:\/\/5lo.lublin.pl\/?p=3597","title":{"rendered":"Gala  Og\u00f3lnopolskiego Przegl\u0105du Poezji XIX Jesienne Debiuty Poetyckie"},"content":{"rendered":"<p><em>Gala<\/em><\/p>\n<p><em>Og\u00f3lnopolskiego Przegl\u0105du Poezji<\/em><\/p>\n<p><em>XIX Jesienne Debiuty Poetyckie<\/em><\/p>\n<p><strong><em>25 listopada 2016 r., godz. 12.00<\/em><\/strong><\/p>\n<p><em>Podczas Gali wyst\u0105pi:<br \/>\n<strong>Mateusz Pieni\u0105\u017cek<\/strong> &#8211; muzyk i poeta <\/em><\/p>\n<p><strong><em>KUL, al. Rac\u0142awickie 14, \u00a0gmach CTW, sala 113 (wej\u015bcie przez Collegium Jana Paw\u0142a II\u00a0<\/em><\/strong><strong><em>od strony ul. <\/em><\/strong><strong><em>\u0141opaci\u0144skiego)<\/em><\/strong><\/p>\n<p><em><strong>W s t \u0119 p\u00a0 w o l n y<\/strong><\/em><\/p>\n<p><a href=\"https:\/\/5lo.lublin.pl\/wp-content\/uploads\/2016\/11\/Microsoft-Word-PLAKAT-2016.pdf\"> &#8211; P l a k a t<\/a><\/p>\n","protected":false},"excerpt":{"rendered":"<p>Gala Og\u00f3lnopolskiego Przegl\u0105du Poezji XIX Jesienne Debiuty Poetyckie 25 listopada 2016 r., godz. 12.00 Podczas Gali wyst\u0105pi: Mateusz Pieni\u0105\u017cek &#8211; muzyk i poeta KUL, al. Rac\u0142awickie 14, \u00a0gmach CTW, sala 113 (wej\u015bcie przez Collegium Jana Paw\u0142a II\u00a0od strony ul. \u0141opaci\u0144skiego) W s t \u0119 p\u00a0 w o l n y &#8211; P l a k [&hellip;]<\/p>\n","protected":false},"author":17,"featured_media":3541,"comment_status":"open","ping_status":"open","sticky":false,"template":"","format":"standard","meta":{"footnotes":""},"categories":[160,1,133],"tags":[],"_links":{"self":[{"href":"https:\/\/5lo.lublin.pl\/index.php?rest_route=\/wp\/v2\/posts\/3597"}],"collection":[{"href":"https:\/\/5lo.lublin.pl\/index.php?rest_route=\/wp\/v2\/posts"}],"about":[{"href":"https:\/\/5lo.lublin.pl\/index.php?rest_route=\/wp\/v2\/types\/post"}],"author":[{"embeddable":true,"href":"https:\/\/5lo.lublin.pl\/index.php?rest_route=\/wp\/v2\/users\/17"}],"replies":[{"embeddable":true,"href":"https:\/\/5lo.lublin.pl\/index.php?rest_route=%2Fwp%2Fv2%2Fcomments&post=3597"}],"version-history":[{"count":2,"href":"https:\/\/5lo.lublin.pl\/index.php?rest_route=\/wp\/v2\/posts\/3597\/revisions"}],"predecessor-version":[{"id":3603,"href":"https:\/\/5lo.lublin.pl\/index.php?rest_route=\/wp\/v2\/posts\/3597\/revisions\/3603"}],"wp:featuredmedia":[{"embeddable":true,"href":"https:\/\/5lo.lublin.pl\/index.php?rest_route=\/wp\/v2\/media\/3541"}],"wp:attachment":[{"href":"https:\/\/5lo.lublin.pl\/index.php?rest_route=%2Fwp%2Fv2%2Fmedia&parent=3597"}],"wp:term":[{"taxonomy":"category","embeddable":true,"href":"https:\/\/5lo.lublin.pl\/index.php?rest_route=%2Fwp%2Fv2%2Fcategories&post=3597"},{"taxonomy":"post_tag","embeddable":true,"href":"https:\/\/5lo.lublin.pl\/index.php?rest_route=%2Fwp%2Fv2%2Ftags&post=3597"}],"curies":[{"name":"wp","href":"https:\/\/api.w.org\/{rel}","templated":true}]}}