{"id":3454,"date":"2016-05-19T18:38:11","date_gmt":"2016-05-19T18:38:11","guid":{"rendered":"http:\/\/5lo.lublin.pl\/?p=3454"},"modified":"2016-05-19T18:38:46","modified_gmt":"2016-05-19T18:38:46","slug":"3454","status":"publish","type":"post","link":"https:\/\/5lo.lublin.pl\/?p=3454","title":{"rendered":"Dzie\u0144 sp\u00f3dnicy"},"content":{"rendered":"<p>8 marca w naszej szkole obchodzili\u015bmy Dzie\u0144 Kobiet &#8211; Dzie\u0144 Sp\u00f3dnicy.<br \/>\nNiemal wszystkie uczennice w tym dniu przywdzia\u0142y sp\u00f3dnice, ale byli r\u00f3wnie\u017c i uczniowie, kt\u00f3rzy r\u00f3wnie\u017c chcieli wygl\u0105da\u0107 wyj\u0105tkowo tego dnia, za co serdeczne gratulacje!<br \/>\nDzi\u0119ki Wam wszystkim ten dzie\u0144 wygl\u0105da\u0142 pi\u0119knie i wyj\u0105tkowo!<\/p>\n\n<p>Zapraszamy do obejrzenia zdj\u0119\u0107 z tego dnia.<\/p>\n","protected":false},"excerpt":{"rendered":"<p>8 marca w naszej szkole obchodzili\u015bmy Dzie\u0144 Kobiet &#8211; Dzie\u0144 Sp\u00f3dnicy. Niemal wszystkie uczennice w tym dniu przywdzia\u0142y sp\u00f3dnice, ale byli r\u00f3wnie\u017c i uczniowie, kt\u00f3rzy r\u00f3wnie\u017c chcieli wygl\u0105da\u0107 wyj\u0105tkowo tego dnia, za co serdeczne gratulacje! Dzi\u0119ki Wam wszystkim ten dzie\u0144 wygl\u0105da\u0142 pi\u0119knie i wyj\u0105tkowo! Zapraszamy do obejrzenia zdj\u0119\u0107 z tego dnia.<\/p>\n","protected":false},"author":7,"featured_media":3467,"comment_status":"open","ping_status":"open","sticky":false,"template":"","format":"standard","meta":{"footnotes":""},"categories":[1,136,133],"tags":[],"_links":{"self":[{"href":"https:\/\/5lo.lublin.pl\/index.php?rest_route=\/wp\/v2\/posts\/3454"}],"collection":[{"href":"https:\/\/5lo.lublin.pl\/index.php?rest_route=\/wp\/v2\/posts"}],"about":[{"href":"https:\/\/5lo.lublin.pl\/index.php?rest_route=\/wp\/v2\/types\/post"}],"author":[{"embeddable":true,"href":"https:\/\/5lo.lublin.pl\/index.php?rest_route=\/wp\/v2\/users\/7"}],"replies":[{"embeddable":true,"href":"https:\/\/5lo.lublin.pl\/index.php?rest_route=%2Fwp%2Fv2%2Fcomments&post=3454"}],"version-history":[{"count":1,"href":"https:\/\/5lo.lublin.pl\/index.php?rest_route=\/wp\/v2\/posts\/3454\/revisions"}],"predecessor-version":[{"id":3469,"href":"https:\/\/5lo.lublin.pl\/index.php?rest_route=\/wp\/v2\/posts\/3454\/revisions\/3469"}],"wp:featuredmedia":[{"embeddable":true,"href":"https:\/\/5lo.lublin.pl\/index.php?rest_route=\/wp\/v2\/media\/3467"}],"wp:attachment":[{"href":"https:\/\/5lo.lublin.pl\/index.php?rest_route=%2Fwp%2Fv2%2Fmedia&parent=3454"}],"wp:term":[{"taxonomy":"category","embeddable":true,"href":"https:\/\/5lo.lublin.pl\/index.php?rest_route=%2Fwp%2Fv2%2Fcategories&post=3454"},{"taxonomy":"post_tag","embeddable":true,"href":"https:\/\/5lo.lublin.pl\/index.php?rest_route=%2Fwp%2Fv2%2Ftags&post=3454"}],"curies":[{"name":"wp","href":"https:\/\/api.w.org\/{rel}","templated":true}]}}