{"id":3451,"date":"2016-05-19T18:28:47","date_gmt":"2016-05-19T18:28:47","guid":{"rendered":"http:\/\/5lo.lublin.pl\/?p=3451"},"modified":"2016-05-19T18:28:47","modified_gmt":"2016-05-19T18:28:47","slug":"walentynki","status":"publish","type":"post","link":"https:\/\/5lo.lublin.pl\/?p=3451","title":{"rendered":"Walentynki"},"content":{"rendered":"<p>Dnia 12. lutego w naszej szkole odby\u0142y si\u0119 Walentynki. Z tej okazji na przerwach puszczana by\u0142a klimatyczna muzyka, wprowadzaj\u0105ca uczni\u00f3w w walentynkowy nastr\u00f3j.\u00a0Mi\u0119dzy uczniami kr\u0105\u017cy\u0142a poczta walentynkowa, jednak mi\u0142ym s\u0142owem zostali obdarzeni tak\u017ce lubiani przez uczni\u00f3w nauczyciele naszego liceum.<br \/>\nZakochanym, jak i tym, kt\u00f3rzy nadal s\u0105 sami, \u017cyczymy du\u017co mi\u0142o\u015bci, rado\u015bci i wzajemnej dobroci!<\/p>\n","protected":false},"excerpt":{"rendered":"<p>Dnia 12. lutego w naszej szkole odby\u0142y si\u0119 Walentynki. Z tej okazji na przerwach puszczana by\u0142a klimatyczna muzyka, wprowadzaj\u0105ca uczni\u00f3w w walentynkowy nastr\u00f3j.\u00a0Mi\u0119dzy uczniami kr\u0105\u017cy\u0142a poczta walentynkowa, jednak mi\u0142ym s\u0142owem zostali obdarzeni tak\u017ce lubiani przez uczni\u00f3w nauczyciele naszego liceum. Zakochanym, jak i tym, kt\u00f3rzy nadal s\u0105 sami, \u017cyczymy du\u017co mi\u0142o\u015bci, rado\u015bci i wzajemnej dobroci!<\/p>\n","protected":false},"author":7,"featured_media":3452,"comment_status":"open","ping_status":"open","sticky":false,"template":"","format":"standard","meta":{"footnotes":""},"categories":[1,136,133],"tags":[],"_links":{"self":[{"href":"https:\/\/5lo.lublin.pl\/index.php?rest_route=\/wp\/v2\/posts\/3451"}],"collection":[{"href":"https:\/\/5lo.lublin.pl\/index.php?rest_route=\/wp\/v2\/posts"}],"about":[{"href":"https:\/\/5lo.lublin.pl\/index.php?rest_route=\/wp\/v2\/types\/post"}],"author":[{"embeddable":true,"href":"https:\/\/5lo.lublin.pl\/index.php?rest_route=\/wp\/v2\/users\/7"}],"replies":[{"embeddable":true,"href":"https:\/\/5lo.lublin.pl\/index.php?rest_route=%2Fwp%2Fv2%2Fcomments&post=3451"}],"version-history":[{"count":1,"href":"https:\/\/5lo.lublin.pl\/index.php?rest_route=\/wp\/v2\/posts\/3451\/revisions"}],"predecessor-version":[{"id":3453,"href":"https:\/\/5lo.lublin.pl\/index.php?rest_route=\/wp\/v2\/posts\/3451\/revisions\/3453"}],"wp:featuredmedia":[{"embeddable":true,"href":"https:\/\/5lo.lublin.pl\/index.php?rest_route=\/wp\/v2\/media\/3452"}],"wp:attachment":[{"href":"https:\/\/5lo.lublin.pl\/index.php?rest_route=%2Fwp%2Fv2%2Fmedia&parent=3451"}],"wp:term":[{"taxonomy":"category","embeddable":true,"href":"https:\/\/5lo.lublin.pl\/index.php?rest_route=%2Fwp%2Fv2%2Fcategories&post=3451"},{"taxonomy":"post_tag","embeddable":true,"href":"https:\/\/5lo.lublin.pl\/index.php?rest_route=%2Fwp%2Fv2%2Ftags&post=3451"}],"curies":[{"name":"wp","href":"https:\/\/api.w.org\/{rel}","templated":true}]}}