{"id":3447,"date":"2016-05-19T18:20:09","date_gmt":"2016-05-19T18:20:09","guid":{"rendered":"http:\/\/5lo.lublin.pl\/?p=3447"},"modified":"2016-05-19T18:20:09","modified_gmt":"2016-05-19T18:20:09","slug":"talent-na-5","status":"publish","type":"post","link":"https:\/\/5lo.lublin.pl\/?p=3447","title":{"rendered":"&#8222;Talent na 5&#8221;"},"content":{"rendered":"<p>29 stycznia odby\u0142 si\u0119 w naszej szkole fina\u0142 konkursu \u201eTalent na 5\u201d.<br \/>\nUczniowie rywalizowali o dwa wyr\u00f3\u017cnienia: Nagrod\u0119 Jury oraz Nagrod\u0119 Publiczno\u015bci.<br \/>\nW tym roku scen\u0105 zaw\u0142adn\u0119li pierwszoklasi\u015bci. Jury, po niezwykle burzliwych naradach, przyzna\u0142o jedn\u0105 z nagr\u00f3d zespo\u0142owi z klasy 1f w sk\u0142adzie: Karolina Nowak, Pawe\u0142 Goch i Cezary Jaremek.<br \/>\nPubliczno\u015b\u0107 natomiast wybra\u0142a na zwyci\u0119zc\u0119 Przemys\u0142awa Packa z klasy 1a.<br \/>\nWszystkim uczestnikom dzi\u0119kujemy za wspania\u0142e wyst\u0119py.<br \/>\nZwyci\u0119zcom serdecznie gratulujemy i \u017cyczymy dalszych sukces\u00f3w!<\/p>\n","protected":false},"excerpt":{"rendered":"<p>29 stycznia odby\u0142 si\u0119 w naszej szkole fina\u0142 konkursu \u201eTalent na 5\u201d. Uczniowie rywalizowali o dwa wyr\u00f3\u017cnienia: Nagrod\u0119 Jury oraz Nagrod\u0119 Publiczno\u015bci. W tym roku scen\u0105 zaw\u0142adn\u0119li pierwszoklasi\u015bci. Jury, po niezwykle burzliwych naradach, przyzna\u0142o jedn\u0105 z nagr\u00f3d zespo\u0142owi z klasy 1f w sk\u0142adzie: Karolina Nowak, Pawe\u0142 Goch i Cezary Jaremek. Publiczno\u015b\u0107 natomiast wybra\u0142a na zwyci\u0119zc\u0119 [&hellip;]<\/p>\n","protected":false},"author":7,"featured_media":3448,"comment_status":"open","ping_status":"open","sticky":false,"template":"","format":"standard","meta":{"footnotes":""},"categories":[1,136,133],"tags":[],"_links":{"self":[{"href":"https:\/\/5lo.lublin.pl\/index.php?rest_route=\/wp\/v2\/posts\/3447"}],"collection":[{"href":"https:\/\/5lo.lublin.pl\/index.php?rest_route=\/wp\/v2\/posts"}],"about":[{"href":"https:\/\/5lo.lublin.pl\/index.php?rest_route=\/wp\/v2\/types\/post"}],"author":[{"embeddable":true,"href":"https:\/\/5lo.lublin.pl\/index.php?rest_route=\/wp\/v2\/users\/7"}],"replies":[{"embeddable":true,"href":"https:\/\/5lo.lublin.pl\/index.php?rest_route=%2Fwp%2Fv2%2Fcomments&post=3447"}],"version-history":[{"count":1,"href":"https:\/\/5lo.lublin.pl\/index.php?rest_route=\/wp\/v2\/posts\/3447\/revisions"}],"predecessor-version":[{"id":3449,"href":"https:\/\/5lo.lublin.pl\/index.php?rest_route=\/wp\/v2\/posts\/3447\/revisions\/3449"}],"wp:featuredmedia":[{"embeddable":true,"href":"https:\/\/5lo.lublin.pl\/index.php?rest_route=\/wp\/v2\/media\/3448"}],"wp:attachment":[{"href":"https:\/\/5lo.lublin.pl\/index.php?rest_route=%2Fwp%2Fv2%2Fmedia&parent=3447"}],"wp:term":[{"taxonomy":"category","embeddable":true,"href":"https:\/\/5lo.lublin.pl\/index.php?rest_route=%2Fwp%2Fv2%2Fcategories&post=3447"},{"taxonomy":"post_tag","embeddable":true,"href":"https:\/\/5lo.lublin.pl\/index.php?rest_route=%2Fwp%2Fv2%2Ftags&post=3447"}],"curies":[{"name":"wp","href":"https:\/\/api.w.org\/{rel}","templated":true}]}}