{"id":3425,"date":"2016-05-19T18:10:35","date_gmt":"2016-05-19T18:10:35","guid":{"rendered":"http:\/\/5lo.lublin.pl\/?p=3425"},"modified":"2016-05-19T18:20:36","modified_gmt":"2016-05-19T18:20:36","slug":"umysl-na-piec-1-z-10","status":"publish","type":"post","link":"https:\/\/5lo.lublin.pl\/?p=3425","title":{"rendered":"&#8222;Umys\u0142 na 5&#8221;"},"content":{"rendered":"<p>Dzisiaj na dolnej sali gimnastycznej odby\u0142 si\u0119 fina\u0142 III edycji szkolnego teleturnieju wiedzy og\u00f3lnej &#8222;Umys\u0142 na 5 &#8211; jeden z dziesi\u0119ciu&#8221;.<br \/>\nOto wyniki:<\/p>\n<p>1. miejsce &#8211; Arkadiusz R\u00f3\u017ca\u0144ski II e,<\/p>\n<p>2. miejsce &#8211; Profesor Andrzej Ganczar,<\/p>\n<p>3. miejsce &#8211; Bartosz \u017baba II h.<\/p>\n<p>Serdecznie gratulujemy zwyci\u0119zcom!<br \/>\nZapraszamy do obejrzenia galerii zdj\u0119\u0107.<\/p>\n\n","protected":false},"excerpt":{"rendered":"<p>Dzisiaj na dolnej sali gimnastycznej odby\u0142 si\u0119 fina\u0142 III edycji szkolnego teleturnieju wiedzy og\u00f3lnej &#8222;Umys\u0142 na 5 &#8211; jeden z dziesi\u0119ciu&#8221;. Oto wyniki: 1. miejsce &#8211; Arkadiusz R\u00f3\u017ca\u0144ski II e, 2. miejsce &#8211; Profesor Andrzej Ganczar, 3. miejsce &#8211; Bartosz \u017baba II h. Serdecznie gratulujemy zwyci\u0119zcom! Zapraszamy do obejrzenia galerii zdj\u0119\u0107.<\/p>\n","protected":false},"author":7,"featured_media":3443,"comment_status":"open","ping_status":"open","sticky":false,"template":"","format":"standard","meta":{"footnotes":""},"categories":[1,136,133],"tags":[],"_links":{"self":[{"href":"https:\/\/5lo.lublin.pl\/index.php?rest_route=\/wp\/v2\/posts\/3425"}],"collection":[{"href":"https:\/\/5lo.lublin.pl\/index.php?rest_route=\/wp\/v2\/posts"}],"about":[{"href":"https:\/\/5lo.lublin.pl\/index.php?rest_route=\/wp\/v2\/types\/post"}],"author":[{"embeddable":true,"href":"https:\/\/5lo.lublin.pl\/index.php?rest_route=\/wp\/v2\/users\/7"}],"replies":[{"embeddable":true,"href":"https:\/\/5lo.lublin.pl\/index.php?rest_route=%2Fwp%2Fv2%2Fcomments&post=3425"}],"version-history":[{"count":1,"href":"https:\/\/5lo.lublin.pl\/index.php?rest_route=\/wp\/v2\/posts\/3425\/revisions"}],"predecessor-version":[{"id":3450,"href":"https:\/\/5lo.lublin.pl\/index.php?rest_route=\/wp\/v2\/posts\/3425\/revisions\/3450"}],"wp:featuredmedia":[{"embeddable":true,"href":"https:\/\/5lo.lublin.pl\/index.php?rest_route=\/wp\/v2\/media\/3443"}],"wp:attachment":[{"href":"https:\/\/5lo.lublin.pl\/index.php?rest_route=%2Fwp%2Fv2%2Fmedia&parent=3425"}],"wp:term":[{"taxonomy":"category","embeddable":true,"href":"https:\/\/5lo.lublin.pl\/index.php?rest_route=%2Fwp%2Fv2%2Fcategories&post=3425"},{"taxonomy":"post_tag","embeddable":true,"href":"https:\/\/5lo.lublin.pl\/index.php?rest_route=%2Fwp%2Fv2%2Ftags&post=3425"}],"curies":[{"name":"wp","href":"https:\/\/api.w.org\/{rel}","templated":true}]}}