{"id":3422,"date":"2016-05-19T17:49:59","date_gmt":"2016-05-19T17:49:59","guid":{"rendered":"http:\/\/5lo.lublin.pl\/?p=3422"},"modified":"2016-05-19T17:52:16","modified_gmt":"2016-05-19T17:52:16","slug":"koledowanie","status":"publish","type":"post","link":"https:\/\/5lo.lublin.pl\/?p=3422","title":{"rendered":"Kol\u0119dowanie"},"content":{"rendered":"<p>W pi\u0105tek 18.12.2015r. grupa uczni\u00f3w w\u0119drowa\u0142a po szkole, weso\u0142o kol\u0119duj\u0105c oraz zbieraj\u0105c pieni\u0105dze na pomoc dla O\u015brodka Szkolno &#8211; Wychowawczego dla dzieci niepe\u0142nosprawnych w Lublinie. Dzi\u0119kujemy wszystkim, kt\u00f3rzy wsparli nasz\u0105 akcj\u0119.<\/p>\n","protected":false},"excerpt":{"rendered":"<p>W pi\u0105tek 18.12.2015r. grupa uczni\u00f3w w\u0119drowa\u0142a po szkole, weso\u0142o kol\u0119duj\u0105c oraz zbieraj\u0105c pieni\u0105dze na pomoc dla O\u015brodka Szkolno &#8211; Wychowawczego dla dzieci niepe\u0142nosprawnych w Lublinie. Dzi\u0119kujemy wszystkim, kt\u00f3rzy wsparli nasz\u0105 akcj\u0119.<\/p>\n","protected":false},"author":7,"featured_media":3423,"comment_status":"open","ping_status":"open","sticky":false,"template":"","format":"aside","meta":{"footnotes":""},"categories":[1],"tags":[],"_links":{"self":[{"href":"https:\/\/5lo.lublin.pl\/index.php?rest_route=\/wp\/v2\/posts\/3422"}],"collection":[{"href":"https:\/\/5lo.lublin.pl\/index.php?rest_route=\/wp\/v2\/posts"}],"about":[{"href":"https:\/\/5lo.lublin.pl\/index.php?rest_route=\/wp\/v2\/types\/post"}],"author":[{"embeddable":true,"href":"https:\/\/5lo.lublin.pl\/index.php?rest_route=\/wp\/v2\/users\/7"}],"replies":[{"embeddable":true,"href":"https:\/\/5lo.lublin.pl\/index.php?rest_route=%2Fwp%2Fv2%2Fcomments&post=3422"}],"version-history":[{"count":1,"href":"https:\/\/5lo.lublin.pl\/index.php?rest_route=\/wp\/v2\/posts\/3422\/revisions"}],"predecessor-version":[{"id":3424,"href":"https:\/\/5lo.lublin.pl\/index.php?rest_route=\/wp\/v2\/posts\/3422\/revisions\/3424"}],"wp:featuredmedia":[{"embeddable":true,"href":"https:\/\/5lo.lublin.pl\/index.php?rest_route=\/wp\/v2\/media\/3423"}],"wp:attachment":[{"href":"https:\/\/5lo.lublin.pl\/index.php?rest_route=%2Fwp%2Fv2%2Fmedia&parent=3422"}],"wp:term":[{"taxonomy":"category","embeddable":true,"href":"https:\/\/5lo.lublin.pl\/index.php?rest_route=%2Fwp%2Fv2%2Fcategories&post=3422"},{"taxonomy":"post_tag","embeddable":true,"href":"https:\/\/5lo.lublin.pl\/index.php?rest_route=%2Fwp%2Fv2%2Ftags&post=3422"}],"curies":[{"name":"wp","href":"https:\/\/api.w.org\/{rel}","templated":true}]}}