{"id":3402,"date":"2016-05-19T17:39:09","date_gmt":"2016-05-19T17:39:09","guid":{"rendered":"http:\/\/5lo.lublin.pl\/?p=3402"},"modified":"2016-05-19T17:52:36","modified_gmt":"2016-05-19T17:52:36","slug":"mikolajki","status":"publish","type":"post","link":"https:\/\/5lo.lublin.pl\/?p=3402","title":{"rendered":"Miko\u0142ajki"},"content":{"rendered":"<p>4. grudnia 2015r. odby\u0142a si\u0119 coroczna akcja &#8222;Dru\u017cyna \u015awi\u0119tego Miko\u0142aja&#8221;! Tego dnia uczniowie naszej szko\u0142y przebrali si\u0119 w \u015bwi\u0105teczne stroje i takim samym nastroju\u00a0nape\u0142nili V LO niesamowit\u0105 energi\u0105!<\/p>\n<p>Magii \u015bwi\u0105t towarzyszy\u0142o wsp\u00f3lne \u015bpiewanie kol\u0119d oraz zdj\u0119cia z Miko\u0142ajem, kt\u00f3re p\u00f3\u017aniej walczy\u0142y w konkursie na Facebooku.\u00a0Najwy\u017cszy wynik uzyska\u0142o zdj\u0119cie prof. Adriana Szczotki! Drugie miejsce zdobyli: Natalia Siudaj, Bartek Kuszpit, Dominika Milanowska, Grzegorz Leszek oraz Jolanta Gali\u0144ska!\u00a0Na trzecim miejscu znale\u017ali si\u0119 Grzegorz So\u0142tys i Patryk Mitura.<\/p>\n<p>Najliczniej przebran\u0105 klas\u0105 by\u0142a klasa I a, drugie miejsce zdoby\u0142a I f, za\u015b trzecie II g. Serdecznie gratulujemy\u00a0zwyci\u0119zcom i dzi\u0119kujemy wszystkim za tak aktywny udzia\u0142 w akcji!<\/p>\n<p>Zapraszamy do obejrzenia zdj\u0119\u0107 w galerii oraz na <a href=\"https:\/\/www.facebook.com\/media\/set\/?set=a.555385027971125.1073741859.258272821015682&amp;type=3\">fanpage&#8217;u Samorz\u0105du Uczniowskiego<\/a>.<\/p>\n\n","protected":false},"excerpt":{"rendered":"<p>4. grudnia 2015r. odby\u0142a si\u0119 coroczna akcja &#8222;Dru\u017cyna \u015awi\u0119tego Miko\u0142aja&#8221;! Tego dnia uczniowie naszej szko\u0142y przebrali si\u0119 w \u015bwi\u0105teczne stroje i takim samym nastroju\u00a0nape\u0142nili V LO niesamowit\u0105 energi\u0105! Magii \u015bwi\u0105t towarzyszy\u0142o wsp\u00f3lne \u015bpiewanie kol\u0119d oraz zdj\u0119cia z Miko\u0142ajem, kt\u00f3re p\u00f3\u017aniej walczy\u0142y w konkursie na Facebooku.\u00a0Najwy\u017cszy wynik uzyska\u0142o zdj\u0119cie prof. Adriana Szczotki! Drugie miejsce zdobyli: Natalia [&hellip;]<\/p>\n","protected":false},"author":7,"featured_media":3420,"comment_status":"open","ping_status":"open","sticky":false,"template":"","format":"standard","meta":{"footnotes":""},"categories":[1,136,133],"tags":[],"_links":{"self":[{"href":"https:\/\/5lo.lublin.pl\/index.php?rest_route=\/wp\/v2\/posts\/3402"}],"collection":[{"href":"https:\/\/5lo.lublin.pl\/index.php?rest_route=\/wp\/v2\/posts"}],"about":[{"href":"https:\/\/5lo.lublin.pl\/index.php?rest_route=\/wp\/v2\/types\/post"}],"author":[{"embeddable":true,"href":"https:\/\/5lo.lublin.pl\/index.php?rest_route=\/wp\/v2\/users\/7"}],"replies":[{"embeddable":true,"href":"https:\/\/5lo.lublin.pl\/index.php?rest_route=%2Fwp%2Fv2%2Fcomments&post=3402"}],"version-history":[{"count":1,"href":"https:\/\/5lo.lublin.pl\/index.php?rest_route=\/wp\/v2\/posts\/3402\/revisions"}],"predecessor-version":[{"id":3421,"href":"https:\/\/5lo.lublin.pl\/index.php?rest_route=\/wp\/v2\/posts\/3402\/revisions\/3421"}],"wp:featuredmedia":[{"embeddable":true,"href":"https:\/\/5lo.lublin.pl\/index.php?rest_route=\/wp\/v2\/media\/3420"}],"wp:attachment":[{"href":"https:\/\/5lo.lublin.pl\/index.php?rest_route=%2Fwp%2Fv2%2Fmedia&parent=3402"}],"wp:term":[{"taxonomy":"category","embeddable":true,"href":"https:\/\/5lo.lublin.pl\/index.php?rest_route=%2Fwp%2Fv2%2Fcategories&post=3402"},{"taxonomy":"post_tag","embeddable":true,"href":"https:\/\/5lo.lublin.pl\/index.php?rest_route=%2Fwp%2Fv2%2Ftags&post=3402"}],"curies":[{"name":"wp","href":"https:\/\/api.w.org\/{rel}","templated":true}]}}