{"id":3392,"date":"2016-05-08T18:15:08","date_gmt":"2016-05-08T18:15:08","guid":{"rendered":"http:\/\/5lo.lublin.pl\/?p=3392"},"modified":"2016-05-08T18:20:50","modified_gmt":"2016-05-08T18:20:50","slug":"srebrni-medalisci-w-biegach-przelajowych","status":"publish","type":"post","link":"https:\/\/5lo.lublin.pl\/?p=3392","title":{"rendered":"Srebrni medali\u015bci w biegach prze\u0142ajowych"},"content":{"rendered":"<p>W \u0141odzi 24\u00a0kwietnia\u00a02016 r. odby\u0142y si\u0119 Mi\u0119dzynarodowe Mistrzostwa Polski Szk\u00f3\u0142 Ponadgimnazjalnych w Sztafetowych Biegach Prze\u0142ajowych Dziewcz\u0105t i Ch\u0142opc\u00f3w. W konkurencji ch\u0142opc\u00f3w II miejsce wywalczy\u0142o V Liceum Og\u00f3lnokszta\u0142c\u0105ce im. Marii Sk\u0142odowskiej-Curie w Lublinie w sk\u0142adzie:<br \/>\n1. Szczepanik Piotr 1g<br \/>\n2. Kitli\u0144ski Micha\u0142 2a<br \/>\n3. Mitura Patryk 2a<br \/>\n4. \u017b\u00f3\u0142towski Mateusz 2d<span class=\"text_exposed_show\"><br \/>\n5. Kania Karol 2f<br \/>\n6. W\u00f3jcik Tomasz 2h<br \/>\n7. Adamczuk Micha\u0142 2s<br \/>\n8. Ho\u0142ub Maciej 2s<br \/>\n9. Nowacki Micha\u0142 3s<\/span><\/p>\n<p><span class=\"text_exposed_show\"><br \/>\nOpiekun: Andrzej Dubielis<\/span><\/p>\n\n<p>&nbsp;<\/p>\n<p>&nbsp;<\/p>\n<p>&nbsp;<\/p>\n<p><span class=\"text_exposed_show\">Oto pozosta\u0142e wyniki w kategorii ch\u0142opc\u00f3w:<br \/>\nI m. &#8211; ZS 1 Ostrzesz\u00f3w &#8211; 18.06<br \/>\nII m. &#8211; V LO Lublin &#8211; 18.19<br \/>\nIII m. &#8211; ZSMech. Kielce &#8211; 18.22<br \/>\nIV m. &#8211; Sportowa Szk. 4 Kaliningrad Rosja &#8211; 18.30<br \/>\nV m. &#8211; ZS \u0141\u0119czyca &#8211; 18.38<br \/>\nVI m. &#8211; ZSZiL Zgorzelec &#8211; 18.39<br \/>\nVII m. &#8211; ZSSam. W\u0142oc\u0142awek &#8211; 18.43<br \/>\nVIII m. &#8211; ZSO MS Racib\u00f3rz &#8211; 18.44<br \/>\nIX m. &#8211; ZS 1 Ko\u015bcierzyna &#8211; 18.46<br \/>\nX m. &#8211; VI LO Opole &#8211; 18.54<br \/>\nXI m. &#8211; V LO Rzesz\u00f3w &#8211; 18.56<br \/>\nXII m. &#8211; XIII LO Szczecin &#8211; 19.01<br \/>\nXIII m. &#8211; ZSP 1 Opoczno &#8211; 19.41<\/span><\/p>\n","protected":false},"excerpt":{"rendered":"<p>W \u0141odzi 24\u00a0kwietnia\u00a02016 r. odby\u0142y si\u0119 Mi\u0119dzynarodowe Mistrzostwa Polski Szk\u00f3\u0142 Ponadgimnazjalnych w Sztafetowych Biegach Prze\u0142ajowych Dziewcz\u0105t i Ch\u0142opc\u00f3w. W konkurencji ch\u0142opc\u00f3w II miejsce wywalczy\u0142o V Liceum Og\u00f3lnokszta\u0142c\u0105ce im. Marii Sk\u0142odowskiej-Curie w Lublinie w sk\u0142adzie: 1. Szczepanik Piotr 1g 2. Kitli\u0144ski Micha\u0142 2a 3. Mitura Patryk 2a 4. \u017b\u00f3\u0142towski Mateusz 2d 5. Kania Karol 2f 6. [&hellip;]<\/p>\n","protected":false},"author":3,"featured_media":3393,"comment_status":"open","ping_status":"open","sticky":false,"template":"","format":"standard","meta":{"footnotes":""},"categories":[1],"tags":[],"_links":{"self":[{"href":"https:\/\/5lo.lublin.pl\/index.php?rest_route=\/wp\/v2\/posts\/3392"}],"collection":[{"href":"https:\/\/5lo.lublin.pl\/index.php?rest_route=\/wp\/v2\/posts"}],"about":[{"href":"https:\/\/5lo.lublin.pl\/index.php?rest_route=\/wp\/v2\/types\/post"}],"author":[{"embeddable":true,"href":"https:\/\/5lo.lublin.pl\/index.php?rest_route=\/wp\/v2\/users\/3"}],"replies":[{"embeddable":true,"href":"https:\/\/5lo.lublin.pl\/index.php?rest_route=%2Fwp%2Fv2%2Fcomments&post=3392"}],"version-history":[{"count":2,"href":"https:\/\/5lo.lublin.pl\/index.php?rest_route=\/wp\/v2\/posts\/3392\/revisions"}],"predecessor-version":[{"id":3400,"href":"https:\/\/5lo.lublin.pl\/index.php?rest_route=\/wp\/v2\/posts\/3392\/revisions\/3400"}],"wp:featuredmedia":[{"embeddable":true,"href":"https:\/\/5lo.lublin.pl\/index.php?rest_route=\/wp\/v2\/media\/3393"}],"wp:attachment":[{"href":"https:\/\/5lo.lublin.pl\/index.php?rest_route=%2Fwp%2Fv2%2Fmedia&parent=3392"}],"wp:term":[{"taxonomy":"category","embeddable":true,"href":"https:\/\/5lo.lublin.pl\/index.php?rest_route=%2Fwp%2Fv2%2Fcategories&post=3392"},{"taxonomy":"post_tag","embeddable":true,"href":"https:\/\/5lo.lublin.pl\/index.php?rest_route=%2Fwp%2Fv2%2Ftags&post=3392"}],"curies":[{"name":"wp","href":"https:\/\/api.w.org\/{rel}","templated":true}]}}