{"id":25593,"date":"2024-01-28T10:56:21","date_gmt":"2024-01-28T10:56:21","guid":{"rendered":"https:\/\/5lo.lublin.pl\/?p=25593"},"modified":"2024-01-28T10:57:57","modified_gmt":"2024-01-28T10:57:57","slug":"szkolne-rozgrywki-w-fifa","status":"publish","type":"post","link":"https:\/\/5lo.lublin.pl\/?p=25593","title":{"rendered":"Szkolne rozgrywki w FIFA!"},"content":{"rendered":"\n<p>Dnia 18 stycznia w VLO odby\u0142y si\u0119 emocjonuj\u0105ce szkolne rozgrywki w FIFA! Gratulujemy zwyci\u0119zcom:<\/p>\n\n\n\n<p>Igor Tomczak z klasy 3b<\/p>\n\n\n\n<p>Brajan Krusi\u0144ski z klasy 3E<\/p>\n\n\n\n<p>Szymon Dominiczuk 3A<\/p>\n\n\n\n<p>Dzi\u0119kujemy za udzia\u0142 i gratulujemy wszystkim uczestnikom za zaanga\u017cowanie i pasj\u0119, kt\u00f3re przynios\u0142y nam niezapomniane chwile na wirtualnym boisku!<\/p>\n\n\n\n<figure class=\"wp-block-gallery has-nested-images columns-default is-cropped wp-block-gallery-1 is-layout-flex wp-block-gallery-is-layout-flex\">\n<figure class=\"wp-block-image size-large\"><img loading=\"lazy\" decoding=\"async\" width=\"1024\" height=\"768\" data-id=\"25595\" src=\"https:\/\/5lo.lublin.pl\/wp-content\/uploads\/2024\/01\/IMG_0810-1024x768.jpeg\" alt=\"\" class=\"wp-image-25595\" srcset=\"https:\/\/5lo.lublin.pl\/wp-content\/uploads\/2024\/01\/IMG_0810-1024x768.jpeg 1024w, https:\/\/5lo.lublin.pl\/wp-content\/uploads\/2024\/01\/IMG_0810-300x225.jpeg 300w, https:\/\/5lo.lublin.pl\/wp-content\/uploads\/2024\/01\/IMG_0810-768x576.jpeg 768w, https:\/\/5lo.lublin.pl\/wp-content\/uploads\/2024\/01\/IMG_0810-1536x1152.jpeg 1536w, https:\/\/5lo.lublin.pl\/wp-content\/uploads\/2024\/01\/IMG_0810.jpeg 2048w\" sizes=\"(max-width: 1024px) 100vw, 1024px\" \/><\/figure>\n\n\n\n<figure class=\"wp-block-image size-large\"><img loading=\"lazy\" decoding=\"async\" width=\"1024\" height=\"768\" data-id=\"25599\" src=\"https:\/\/5lo.lublin.pl\/wp-content\/uploads\/2024\/01\/IMG_0811-1024x768.jpeg\" alt=\"\" class=\"wp-image-25599\" srcset=\"https:\/\/5lo.lublin.pl\/wp-content\/uploads\/2024\/01\/IMG_0811-1024x768.jpeg 1024w, https:\/\/5lo.lublin.pl\/wp-content\/uploads\/2024\/01\/IMG_0811-300x225.jpeg 300w, https:\/\/5lo.lublin.pl\/wp-content\/uploads\/2024\/01\/IMG_0811-768x576.jpeg 768w, https:\/\/5lo.lublin.pl\/wp-content\/uploads\/2024\/01\/IMG_0811-1536x1152.jpeg 1536w, https:\/\/5lo.lublin.pl\/wp-content\/uploads\/2024\/01\/IMG_0811.jpeg 2048w\" sizes=\"(max-width: 1024px) 100vw, 1024px\" \/><\/figure>\n\n\n\n<figure class=\"wp-block-image size-large\"><img loading=\"lazy\" decoding=\"async\" width=\"768\" height=\"1024\" data-id=\"25596\" src=\"https:\/\/5lo.lublin.pl\/wp-content\/uploads\/2024\/01\/IMG_0812-768x1024.jpeg\" alt=\"\" class=\"wp-image-25596\" srcset=\"https:\/\/5lo.lublin.pl\/wp-content\/uploads\/2024\/01\/IMG_0812-768x1024.jpeg 768w, https:\/\/5lo.lublin.pl\/wp-content\/uploads\/2024\/01\/IMG_0812-225x300.jpeg 225w, https:\/\/5lo.lublin.pl\/wp-content\/uploads\/2024\/01\/IMG_0812-1152x1536.jpeg 1152w, https:\/\/5lo.lublin.pl\/wp-content\/uploads\/2024\/01\/IMG_0812.jpeg 1536w\" sizes=\"(max-width: 768px) 100vw, 768px\" \/><\/figure>\n\n\n\n<figure class=\"wp-block-image size-large\"><img loading=\"lazy\" decoding=\"async\" width=\"1024\" height=\"768\" data-id=\"25594\" src=\"https:\/\/5lo.lublin.pl\/wp-content\/uploads\/2024\/01\/IMG_0813-1024x768.jpeg\" alt=\"\" class=\"wp-image-25594\" srcset=\"https:\/\/5lo.lublin.pl\/wp-content\/uploads\/2024\/01\/IMG_0813-1024x768.jpeg 1024w, https:\/\/5lo.lublin.pl\/wp-content\/uploads\/2024\/01\/IMG_0813-300x225.jpeg 300w, https:\/\/5lo.lublin.pl\/wp-content\/uploads\/2024\/01\/IMG_0813-768x576.jpeg 768w, https:\/\/5lo.lublin.pl\/wp-content\/uploads\/2024\/01\/IMG_0813-1536x1152.jpeg 1536w, https:\/\/5lo.lublin.pl\/wp-content\/uploads\/2024\/01\/IMG_0813.jpeg 2048w\" sizes=\"(max-width: 1024px) 100vw, 1024px\" \/><\/figure>\n\n\n\n<figure class=\"wp-block-image size-large\"><img loading=\"lazy\" decoding=\"async\" width=\"1024\" height=\"768\" data-id=\"25597\" src=\"https:\/\/5lo.lublin.pl\/wp-content\/uploads\/2024\/01\/IMG_0815-1024x768.jpeg\" alt=\"\" class=\"wp-image-25597\" srcset=\"https:\/\/5lo.lublin.pl\/wp-content\/uploads\/2024\/01\/IMG_0815-1024x768.jpeg 1024w, https:\/\/5lo.lublin.pl\/wp-content\/uploads\/2024\/01\/IMG_0815-300x225.jpeg 300w, https:\/\/5lo.lublin.pl\/wp-content\/uploads\/2024\/01\/IMG_0815-768x576.jpeg 768w, https:\/\/5lo.lublin.pl\/wp-content\/uploads\/2024\/01\/IMG_0815-1536x1152.jpeg 1536w, https:\/\/5lo.lublin.pl\/wp-content\/uploads\/2024\/01\/IMG_0815.jpeg 2048w\" sizes=\"(max-width: 1024px) 100vw, 1024px\" \/><\/figure>\n\n\n\n<figure class=\"wp-block-image size-large\"><img loading=\"lazy\" decoding=\"async\" width=\"1024\" height=\"768\" data-id=\"25598\" src=\"https:\/\/5lo.lublin.pl\/wp-content\/uploads\/2024\/01\/IMG_0816-1024x768.jpeg\" alt=\"\" class=\"wp-image-25598\" srcset=\"https:\/\/5lo.lublin.pl\/wp-content\/uploads\/2024\/01\/IMG_0816-1024x768.jpeg 1024w, https:\/\/5lo.lublin.pl\/wp-content\/uploads\/2024\/01\/IMG_0816-300x225.jpeg 300w, https:\/\/5lo.lublin.pl\/wp-content\/uploads\/2024\/01\/IMG_0816-768x576.jpeg 768w, https:\/\/5lo.lublin.pl\/wp-content\/uploads\/2024\/01\/IMG_0816-1536x1152.jpeg 1536w, https:\/\/5lo.lublin.pl\/wp-content\/uploads\/2024\/01\/IMG_0816.jpeg 2048w\" sizes=\"(max-width: 1024px) 100vw, 1024px\" \/><\/figure>\n<\/figure>\n","protected":false},"excerpt":{"rendered":"<p>Dnia 18 stycznia w VLO odby\u0142y si\u0119 emocjonuj\u0105ce szkolne rozgrywki w FIFA! Gratulujemy zwyci\u0119zcom: Igor Tomczak z klasy 3b Brajan Krusi\u0144ski z klasy 3E Szymon Dominiczuk 3A Dzi\u0119kujemy za udzia\u0142 i gratulujemy wszystkim uczestnikom za zaanga\u017cowanie i pasj\u0119, kt\u00f3re przynios\u0142y nam niezapomniane chwile na wirtualnym boisku!<\/p>\n","protected":false},"author":29,"featured_media":25595,"comment_status":"closed","ping_status":"open","sticky":false,"template":"","format":"standard","meta":{"footnotes":""},"categories":[1,133],"tags":[],"_links":{"self":[{"href":"https:\/\/5lo.lublin.pl\/index.php?rest_route=\/wp\/v2\/posts\/25593"}],"collection":[{"href":"https:\/\/5lo.lublin.pl\/index.php?rest_route=\/wp\/v2\/posts"}],"about":[{"href":"https:\/\/5lo.lublin.pl\/index.php?rest_route=\/wp\/v2\/types\/post"}],"author":[{"embeddable":true,"href":"https:\/\/5lo.lublin.pl\/index.php?rest_route=\/wp\/v2\/users\/29"}],"replies":[{"embeddable":true,"href":"https:\/\/5lo.lublin.pl\/index.php?rest_route=%2Fwp%2Fv2%2Fcomments&post=25593"}],"version-history":[{"count":1,"href":"https:\/\/5lo.lublin.pl\/index.php?rest_route=\/wp\/v2\/posts\/25593\/revisions"}],"predecessor-version":[{"id":25600,"href":"https:\/\/5lo.lublin.pl\/index.php?rest_route=\/wp\/v2\/posts\/25593\/revisions\/25600"}],"wp:featuredmedia":[{"embeddable":true,"href":"https:\/\/5lo.lublin.pl\/index.php?rest_route=\/wp\/v2\/media\/25595"}],"wp:attachment":[{"href":"https:\/\/5lo.lublin.pl\/index.php?rest_route=%2Fwp%2Fv2%2Fmedia&parent=25593"}],"wp:term":[{"taxonomy":"category","embeddable":true,"href":"https:\/\/5lo.lublin.pl\/index.php?rest_route=%2Fwp%2Fv2%2Fcategories&post=25593"},{"taxonomy":"post_tag","embeddable":true,"href":"https:\/\/5lo.lublin.pl\/index.php?rest_route=%2Fwp%2Fv2%2Ftags&post=25593"}],"curies":[{"name":"wp","href":"https:\/\/api.w.org\/{rel}","templated":true}]}}