{"id":25537,"date":"2024-01-12T18:09:59","date_gmt":"2024-01-12T18:09:59","guid":{"rendered":"https:\/\/5lo.lublin.pl\/?p=25537"},"modified":"2024-01-12T18:10:03","modified_gmt":"2024-01-12T18:10:03","slug":"olimpiada-o-diamentowy-indeks-agh-z-geografii-4","status":"publish","type":"post","link":"https:\/\/5lo.lublin.pl\/?p=25537","title":{"rendered":"Olimpiada o Diamentowy Indeks AGH z geografii"},"content":{"rendered":"\n<p>Do II etapu Olimpiady o Diamentowy Indeks AGH z geografii zakwalifikowali si\u0119 uczniowie:<\/p>\n\n\n\n<p>1. Kajetan Broda klasa 3f<\/p>\n\n\n\n<p>2. Aleksandra Baranowska klasa 4f<\/p>\n\n\n\n<p>3. Patrycja Mendel klasa 4f<\/p>\n\n\n\n<p>4. Jakub \u0141ysak klasa 4f<\/p>\n\n\n\n<p>Gratulujemy sukcesu oraz \u017cyczymy powodzenia w kolejnym etapie.<\/p>\n\n\n\n<p>Opiekun uczni\u00f3w: Arkadiusz Filipek<\/p>\n","protected":false},"excerpt":{"rendered":"<p>Do II etapu Olimpiady o Diamentowy Indeks AGH z geografii zakwalifikowali si\u0119 uczniowie: 1. Kajetan Broda klasa 3f 2. Aleksandra Baranowska klasa 4f 3. Patrycja Mendel klasa 4f 4. Jakub \u0141ysak klasa 4f Gratulujemy sukcesu oraz \u017cyczymy powodzenia w kolejnym etapie. Opiekun uczni\u00f3w: Arkadiusz Filipek<\/p>\n","protected":false},"author":29,"featured_media":25538,"comment_status":"closed","ping_status":"open","sticky":false,"template":"","format":"standard","meta":{"footnotes":""},"categories":[1,360,134,133],"tags":[],"_links":{"self":[{"href":"https:\/\/5lo.lublin.pl\/index.php?rest_route=\/wp\/v2\/posts\/25537"}],"collection":[{"href":"https:\/\/5lo.lublin.pl\/index.php?rest_route=\/wp\/v2\/posts"}],"about":[{"href":"https:\/\/5lo.lublin.pl\/index.php?rest_route=\/wp\/v2\/types\/post"}],"author":[{"embeddable":true,"href":"https:\/\/5lo.lublin.pl\/index.php?rest_route=\/wp\/v2\/users\/29"}],"replies":[{"embeddable":true,"href":"https:\/\/5lo.lublin.pl\/index.php?rest_route=%2Fwp%2Fv2%2Fcomments&post=25537"}],"version-history":[{"count":1,"href":"https:\/\/5lo.lublin.pl\/index.php?rest_route=\/wp\/v2\/posts\/25537\/revisions"}],"predecessor-version":[{"id":25539,"href":"https:\/\/5lo.lublin.pl\/index.php?rest_route=\/wp\/v2\/posts\/25537\/revisions\/25539"}],"wp:featuredmedia":[{"embeddable":true,"href":"https:\/\/5lo.lublin.pl\/index.php?rest_route=\/wp\/v2\/media\/25538"}],"wp:attachment":[{"href":"https:\/\/5lo.lublin.pl\/index.php?rest_route=%2Fwp%2Fv2%2Fmedia&parent=25537"}],"wp:term":[{"taxonomy":"category","embeddable":true,"href":"https:\/\/5lo.lublin.pl\/index.php?rest_route=%2Fwp%2Fv2%2Fcategories&post=25537"},{"taxonomy":"post_tag","embeddable":true,"href":"https:\/\/5lo.lublin.pl\/index.php?rest_route=%2Fwp%2Fv2%2Ftags&post=25537"}],"curies":[{"name":"wp","href":"https:\/\/api.w.org\/{rel}","templated":true}]}}