{"id":25534,"date":"2024-01-12T07:51:34","date_gmt":"2024-01-12T07:51:34","guid":{"rendered":"https:\/\/5lo.lublin.pl\/?p=25534"},"modified":"2024-01-22T12:29:28","modified_gmt":"2024-01-22T12:29:28","slug":"spotkania-z-rodzicami-styczen-2024","status":"publish","type":"post","link":"https:\/\/5lo.lublin.pl\/?p=25534","title":{"rendered":"Spotkania z Rodzicami stycze\u0144 2024"},"content":{"rendered":"\n<p style=\"font-size:17px\">Szanowni Pa\u0144stwo,<\/p>\n\n\n\n<p style=\"font-size:17px\">Uprzejmie informujemy, \u017ce w dniach <strong>24 oraz 25 stycznia<\/strong> odb\u0119d\u0105 si\u0119 zebrania z&nbsp;rodzicami.<\/p>\n\n\n\n<p style=\"font-size:17px\">W dniu <strong>24 stycznia 2024 r. (\u015broda)<\/strong> rodzice uczni\u00f3w klas <strong>1a, 1b, 1c, 1d, 1e, 1f, 2a, 2c, 2d, 2e, 2g, 2h, 3f oraz 4e<\/strong> spotykaj\u0105 si\u0119 <strong>o godz. 17:00<\/strong> z wychowawcami w salach zgodnie z harmonogramem:<\/p>\n\n\n\n<figure class=\"wp-block-table\"><table><tbody><tr><td class=\"has-text-align-center\" data-align=\"center\">Klasa<\/td><td>Sala<\/td><\/tr><tr><td class=\"has-text-align-center\" data-align=\"center\">I a <\/td><td>s. 306<\/td><\/tr><tr><td class=\"has-text-align-center\" data-align=\"center\">I b <\/td><td>s. 314<\/td><\/tr><tr><td class=\"has-text-align-center\" data-align=\"center\">I c    <strong>spotkanie rozpocznie si\u0119 o godz. 17.30 <\/strong><\/td><td>s. 204<\/td><\/tr><tr><td class=\"has-text-align-center\" data-align=\"center\">I d <\/td><td>s. 301<\/td><\/tr><tr><td class=\"has-text-align-center\" data-align=\"center\">I f <\/td><td>s. 213<\/td><\/tr><tr><td class=\"has-text-align-center\" data-align=\"center\">II a <\/td><td>s. 211<\/td><\/tr><tr><td class=\"has-text-align-center\" data-align=\"center\">II c   <strong>spotkanie rozpocznie si\u0119 o <\/strong><strong>godz.<\/strong> <strong>17:10<\/strong><\/td><td> s. 216<\/td><\/tr><tr><td class=\"has-text-align-center\" data-align=\"center\">II d   <strong>spotkanie rozpocznie si\u0119 o <\/strong><strong>godz.<\/strong> <strong>16.30 <\/strong><\/td><td>s. 108<\/td><\/tr><tr><td class=\"has-text-align-center\" data-align=\"center\">II e <\/td><td>s. 310<\/td><\/tr><tr><td class=\"has-text-align-center\" data-align=\"center\">II g <\/td><td>s. 106<\/td><\/tr><tr><td class=\"has-text-align-center\" data-align=\"center\">II h <\/td><td>s. 304<\/td><\/tr><tr><td class=\"has-text-align-center\" data-align=\"center\">III f  <strong>spotkanie rozpocznie si\u0119 o <\/strong><strong>godz.<\/strong> <strong>16.30 <\/strong><\/td><td>s. 111<\/td><\/tr><tr><td class=\"has-text-align-center\" data-align=\"center\">IV e <\/td><td>s. 112<\/td><\/tr><\/tbody><\/table><\/figure>\n\n\n\n<p><br \/>W dniu <strong>25 stycznia 2024 r. (czwartek)<\/strong> rodzice uczni\u00f3w klas <strong>1g, 2b, 2f, 3a, 3b, 3c, 3d, 3e, 3g, 4a, 4b, 4c, 4d, 4f oraz 4g<\/strong> spotykaj\u0105 si\u0119 <strong>o godz. 17:00<\/strong> z wychowawcami w salach zgodnie z harmonogramem:<\/p>\n\n\n\n<figure class=\"wp-block-table\"><table><tbody><tr><td class=\"has-text-align-center\" data-align=\"center\">Klasa <\/td><td>Sala<\/td><\/tr><tr><td class=\"has-text-align-center\" data-align=\"center\">I e <\/td><td>s. 102<\/td><\/tr><tr><td class=\"has-text-align-center\" data-align=\"center\">I g  <strong> spotkanie rozpocznie si\u0119 o godz. 16.30 <\/strong><\/td><td>s. 309<\/td><\/tr><tr><td class=\"has-text-align-center\" data-align=\"center\">II b   <strong>spotkanie rozpocznie si\u0119 o godz. 16.30<\/strong> <\/td><td>s. 211<\/td><\/tr><tr><td class=\"has-text-align-center\" data-align=\"center\">II f    <strong>spotkanie rozpocznie si\u0119 o <\/strong><strong>godz.<\/strong> <strong>17:15 <\/strong><\/td><td>s. 106<\/td><\/tr><tr><td class=\"has-text-align-center\" data-align=\"center\">III a <\/td><td>s. 112<\/td><\/tr><tr><td class=\"has-text-align-center\" data-align=\"center\">III b <\/td><td>s. 301<\/td><\/tr><tr><td class=\"has-text-align-center\" data-align=\"center\">III c <\/td><td>s. 214<\/td><\/tr><tr><td class=\"has-text-align-center\" data-align=\"center\">III d <\/td><td>s. 314<\/td><\/tr><tr><td class=\"has-text-align-center\" data-align=\"center\">III e <\/td><td>s. 111<\/td><\/tr><tr><td class=\"has-text-align-center\" data-align=\"center\">III g <\/td><td>s. 105<\/td><\/tr><tr><td class=\"has-text-align-center\" data-align=\"center\">IV a <\/td><td>s. 306<\/td><\/tr><tr><td class=\"has-text-align-center\" data-align=\"center\">IV b <\/td><td>s. 305<\/td><\/tr><tr><td class=\"has-text-align-center\" data-align=\"center\">IV c <\/td><td>s. 211<\/td><\/tr><tr><td class=\"has-text-align-center\" data-align=\"center\">IV d   <strong>spotkanie rozpocznie si\u0119 o <\/strong><strong>godz.<\/strong> <strong>17:10 <\/strong><\/td><td>s. 108<\/td><\/tr><tr><td class=\"has-text-align-center\" data-align=\"center\">IV f <\/td><td>s. 213<\/td><\/tr><tr><td class=\"has-text-align-center\" data-align=\"center\">IV g <\/td><td>s. 104<\/td><\/tr><\/tbody><\/table><\/figure>\n","protected":false},"excerpt":{"rendered":"<p>Szanowni Pa\u0144stwo, Uprzejmie informujemy, \u017ce w dniach 24 oraz 25 stycznia odb\u0119d\u0105 si\u0119 zebrania z&nbsp;rodzicami. W dniu 24 stycznia 2024 r. (\u015broda) rodzice uczni\u00f3w klas 1a, 1b, 1c, 1d, 1e, 1f, 2a, 2c, 2d, 2e, 2g, 2h, 3f oraz 4e spotykaj\u0105 si\u0119 o godz. 17:00 z wychowawcami w salach zgodnie z harmonogramem: Klasa Sala I [&hellip;]<\/p>\n","protected":false},"author":23,"featured_media":3517,"comment_status":"closed","ping_status":"open","sticky":false,"template":"","format":"standard","meta":{"footnotes":""},"categories":[1],"tags":[],"_links":{"self":[{"href":"https:\/\/5lo.lublin.pl\/index.php?rest_route=\/wp\/v2\/posts\/25534"}],"collection":[{"href":"https:\/\/5lo.lublin.pl\/index.php?rest_route=\/wp\/v2\/posts"}],"about":[{"href":"https:\/\/5lo.lublin.pl\/index.php?rest_route=\/wp\/v2\/types\/post"}],"author":[{"embeddable":true,"href":"https:\/\/5lo.lublin.pl\/index.php?rest_route=\/wp\/v2\/users\/23"}],"replies":[{"embeddable":true,"href":"https:\/\/5lo.lublin.pl\/index.php?rest_route=%2Fwp%2Fv2%2Fcomments&post=25534"}],"version-history":[{"count":1,"href":"https:\/\/5lo.lublin.pl\/index.php?rest_route=\/wp\/v2\/posts\/25534\/revisions"}],"predecessor-version":[{"id":25545,"href":"https:\/\/5lo.lublin.pl\/index.php?rest_route=\/wp\/v2\/posts\/25534\/revisions\/25545"}],"wp:featuredmedia":[{"embeddable":true,"href":"https:\/\/5lo.lublin.pl\/index.php?rest_route=\/wp\/v2\/media\/3517"}],"wp:attachment":[{"href":"https:\/\/5lo.lublin.pl\/index.php?rest_route=%2Fwp%2Fv2%2Fmedia&parent=25534"}],"wp:term":[{"taxonomy":"category","embeddable":true,"href":"https:\/\/5lo.lublin.pl\/index.php?rest_route=%2Fwp%2Fv2%2Fcategories&post=25534"},{"taxonomy":"post_tag","embeddable":true,"href":"https:\/\/5lo.lublin.pl\/index.php?rest_route=%2Fwp%2Fv2%2Ftags&post=25534"}],"curies":[{"name":"wp","href":"https:\/\/api.w.org\/{rel}","templated":true}]}}