{"id":25513,"date":"2024-01-10T19:58:08","date_gmt":"2024-01-10T19:58:08","guid":{"rendered":"https:\/\/5lo.lublin.pl\/?p=25513"},"modified":"2024-01-10T19:58:13","modified_gmt":"2024-01-10T19:58:13","slug":"gramy-w-zielone","status":"publish","type":"post","link":"https:\/\/5lo.lublin.pl\/?p=25513","title":{"rendered":"Gramy w zielone"},"content":{"rendered":"\n<p>Konkursowy projekt edukacyjno-ekologiczny \u201eDobry Klimat w Szkole \u2013 GraMy w Zielone\u201d realizowany ze \u015brodk\u00f3w Miasta Lublin.<\/p>\n\n\n\n<p>W grudniu 2023 r. V Liceum Og\u00f3lnokszta\u0142c\u0105ce w Lublinie zosta\u0142o jednym z dw\u00f3ch zwyci\u0119zc\u00f3w projektu konkursowego, do kt\u00f3rego m\u0142odzie\u017c przyst\u0105pi\u0142a w listopadzie, po wst\u0119pnej kwalifikacji.<br \/>Celem projektu by\u0142o nie tylko zg\u0142\u0119bienie zagadnie\u0144 z zakresu b\u0142\u0119kitno-zielonej infrastruktury w mie\u015bcie, retencji wody, gospodarki cyrkularnej oraz bior\u00f3\u017cnorodno\u015bci. Koniecznym warunkiem sukcesu by\u0142o zaanga\u017cowanie uczni\u00f3w w stworzenie planu rozwi\u0105za\u0144 zagospodarowania zieleni przy szkole.<br \/>Pierwszym etapem projektu ( w listopadzie) by\u0142 udzia\u0142 w wyk\u0142adzie wprowadzaj\u0105cym. Drugim etapem (4-14 grudnia) &#8211; zaj\u0119cia warsztatowe, w kt\u00f3rych wzi\u0119\u0142a udzia\u0142 m\u0142odzie\u017c klasy III c z rozszerzonym zakresem wymaga\u0144 z biologii i chemii. Ta sama klasa koordynowa\u0142a og\u0142oszony przez siebie wewn\u0105trzszkolny konkurs na esej Zielona Pi\u0105tka-fakty i marzenia, kt\u00f3ry by\u0142 nie tylko \u017ar\u00f3d\u0142em cennych informacji o uczniowskiej wizji Szko\u0142y, ale tak\u017ce pomoc\u0105 w budowie konkursowej wizualizacji rozwi\u0105za\u0144 zieleni na terenie przyszkolnym, z uwzgl\u0119dnieniem rozwi\u0105za\u0144 adaptacji do zmian klimatycznych.<br \/>Przygotowuj\u0105c projekt konkursowy m\u0142odzie\u017c wzi\u0119\u0142a udzia\u0142 w warsztatach zar\u00f3wno na terenie szko\u0142y (B\u0142\u0119kitno-zielona infrastruktura w miastach (BZI). Retencja wody), jak i poza ni\u0105, w SKENDE (Dlaczego partycypacja jest warunkiem gospodarki cyrkularnej?).<br \/>Uczniowie poznali poj\u0119cia retencji wody, wp\u0142ywu na \u015brodowisko, budowy ogrod\u00f3w deszczowych, form zbierania i ponownego wykorzystania wody. W ramach zaj\u0119\u0107 przeprowadzono wizj\u0119 terenow\u0105 oraz rozpocz\u0119to projekt konkursowy pod okiem prowadz\u0105cego \u2013 eksperta od retencji wody i architektury krajobrazu \u2013 dr Piotra Szko\u0142uta i Marleny Wo\u017aniak.<br \/>Warsztaty prezentowa\u0142y i utrwala\u0142y wiedz\u0119 o podstawach partycypacji spo\u0142ecznej i gospodarki cyrkularnej oraz zwi\u0105zkach przyczynowo- skutkowych mi\u0119dzy tymi zjawiskami. Zaj\u0119cia prowadzi\u0142a Pani Barbara Wybacz \u2013 ekspert od partycypacji i gospodarki cyrkularnej.<br \/>Wymiernym efektem zaanga\u017cowania m\u0142odzie\u017cy by\u0142o przygotowanie konkursowej prezentacji rozwi\u0105za\u0144, jakich ca\u0142a spo\u0142eczno\u015b\u0107 oczekuje na terenie przyszkolnym<br \/>i przedstawienie jej przed Jury konkursowym. Mia\u0142a ona form\u0119 filmu ukazuj\u0105cego stan obecny oraz wizualizacji sposobu zagospodarowania terenu.<br \/>18 grudnia 2023 r. uznano projekt V LO jako jeden z dw\u00f3ch najlepszych w\u015br\u00f3d lubelskich szk\u00f3\u0142 i przyznano mu nagrod\u0119 pieni\u0119\u017cn\u0105 w wysoko\u015bci 45 tys. z\u0142otych na realizacj\u0119.<\/p>\n\n\n<div class=\"wp-block-image\">\n<figure class=\"aligncenter size-full\"><img loading=\"lazy\" decoding=\"async\" width=\"800\" height=\"566\" src=\"https:\/\/5lo.lublin.pl\/wp-content\/uploads\/2024\/01\/gwz_dyplom_www.jpg\" alt=\"\" class=\"wp-image-25515\" srcset=\"https:\/\/5lo.lublin.pl\/wp-content\/uploads\/2024\/01\/gwz_dyplom_www.jpg 800w, https:\/\/5lo.lublin.pl\/wp-content\/uploads\/2024\/01\/gwz_dyplom_www-300x212.jpg 300w, https:\/\/5lo.lublin.pl\/wp-content\/uploads\/2024\/01\/gwz_dyplom_www-768x543.jpg 768w\" sizes=\"(max-width: 800px) 100vw, 800px\" \/><\/figure><\/div>","protected":false},"excerpt":{"rendered":"<p>Konkursowy projekt edukacyjno-ekologiczny \u201eDobry Klimat w Szkole \u2013 GraMy w Zielone\u201d realizowany ze \u015brodk\u00f3w Miasta Lublin. W grudniu 2023 r. V Liceum Og\u00f3lnokszta\u0142c\u0105ce w Lublinie zosta\u0142o jednym z dw\u00f3ch zwyci\u0119zc\u00f3w projektu konkursowego, do kt\u00f3rego m\u0142odzie\u017c przyst\u0105pi\u0142a w listopadzie, po wst\u0119pnej kwalifikacji.Celem projektu by\u0142o nie tylko zg\u0142\u0119bienie zagadnie\u0144 z zakresu b\u0142\u0119kitno-zielonej infrastruktury w mie\u015bcie, retencji wody, [&hellip;]<\/p>\n","protected":false},"author":1,"featured_media":25514,"comment_status":"closed","ping_status":"open","sticky":false,"template":"","format":"standard","meta":{"footnotes":""},"categories":[179,364,134,135,133],"tags":[],"_links":{"self":[{"href":"https:\/\/5lo.lublin.pl\/index.php?rest_route=\/wp\/v2\/posts\/25513"}],"collection":[{"href":"https:\/\/5lo.lublin.pl\/index.php?rest_route=\/wp\/v2\/posts"}],"about":[{"href":"https:\/\/5lo.lublin.pl\/index.php?rest_route=\/wp\/v2\/types\/post"}],"author":[{"embeddable":true,"href":"https:\/\/5lo.lublin.pl\/index.php?rest_route=\/wp\/v2\/users\/1"}],"replies":[{"embeddable":true,"href":"https:\/\/5lo.lublin.pl\/index.php?rest_route=%2Fwp%2Fv2%2Fcomments&post=25513"}],"version-history":[{"count":1,"href":"https:\/\/5lo.lublin.pl\/index.php?rest_route=\/wp\/v2\/posts\/25513\/revisions"}],"predecessor-version":[{"id":25516,"href":"https:\/\/5lo.lublin.pl\/index.php?rest_route=\/wp\/v2\/posts\/25513\/revisions\/25516"}],"wp:featuredmedia":[{"embeddable":true,"href":"https:\/\/5lo.lublin.pl\/index.php?rest_route=\/wp\/v2\/media\/25514"}],"wp:attachment":[{"href":"https:\/\/5lo.lublin.pl\/index.php?rest_route=%2Fwp%2Fv2%2Fmedia&parent=25513"}],"wp:term":[{"taxonomy":"category","embeddable":true,"href":"https:\/\/5lo.lublin.pl\/index.php?rest_route=%2Fwp%2Fv2%2Fcategories&post=25513"},{"taxonomy":"post_tag","embeddable":true,"href":"https:\/\/5lo.lublin.pl\/index.php?rest_route=%2Fwp%2Fv2%2Ftags&post=25513"}],"curies":[{"name":"wp","href":"https:\/\/api.w.org\/{rel}","templated":true}]}}