{"id":25374,"date":"2023-12-17T14:50:07","date_gmt":"2023-12-17T14:50:07","guid":{"rendered":"https:\/\/5lo.lublin.pl\/?p=25374"},"modified":"2023-12-17T14:50:11","modified_gmt":"2023-12-17T14:50:11","slug":"warsztaty-swiateczne-w-bibliotece-szkolnej","status":"publish","type":"post","link":"https:\/\/5lo.lublin.pl\/?p=25374","title":{"rendered":"Warsztaty \u015bwi\u0105teczne w bibliotece szkolnej"},"content":{"rendered":"\n<p>13 grudnia w bibliotece szkolnej odby\u0142y si\u0119 warsztaty \u015bwi\u0105teczne \u2013 mo\u017cna by\u0142o pomalowa\u0107 gipsowe figurki choinkowe. Serdecznie dzi\u0119kujemy Pani Dyrektor za wsparcie naszej inicjatywy, Radzie Rodzic\u00f3w za fundusze na zakup materia\u0142\u00f3w oraz Wam, drodzy Uczniowie, za liczny udzia\u0142 w warsztatach.<\/p>\n\n\n\n<p>Nauczyciele bibliotekarze<\/p>\n\n\n\n<figure class=\"wp-block-gallery has-nested-images columns-default is-cropped wp-block-gallery-1 is-layout-flex wp-block-gallery-is-layout-flex\">\n<figure class=\"wp-block-image size-large\"><img loading=\"lazy\" decoding=\"async\" width=\"768\" height=\"1024\" data-id=\"25375\" src=\"https:\/\/5lo.lublin.pl\/wp-content\/uploads\/2023\/12\/IMG_20231213_102118_01.jpg\" alt=\"\" class=\"wp-image-25375\" srcset=\"https:\/\/5lo.lublin.pl\/wp-content\/uploads\/2023\/12\/IMG_20231213_102118_01.jpg 768w, https:\/\/5lo.lublin.pl\/wp-content\/uploads\/2023\/12\/IMG_20231213_102118_01-225x300.jpg 225w\" sizes=\"(max-width: 768px) 100vw, 768px\" \/><\/figure>\n\n\n\n<figure class=\"wp-block-image size-large\"><img loading=\"lazy\" decoding=\"async\" width=\"768\" height=\"1024\" data-id=\"25376\" src=\"https:\/\/5lo.lublin.pl\/wp-content\/uploads\/2023\/12\/IMG_20231213_104714_02.jpg\" alt=\"\" class=\"wp-image-25376\" srcset=\"https:\/\/5lo.lublin.pl\/wp-content\/uploads\/2023\/12\/IMG_20231213_104714_02.jpg 768w, https:\/\/5lo.lublin.pl\/wp-content\/uploads\/2023\/12\/IMG_20231213_104714_02-225x300.jpg 225w\" sizes=\"(max-width: 768px) 100vw, 768px\" \/><\/figure>\n\n\n\n<figure class=\"wp-block-image size-large\"><img loading=\"lazy\" decoding=\"async\" width=\"768\" height=\"1024\" data-id=\"25378\" src=\"https:\/\/5lo.lublin.pl\/wp-content\/uploads\/2023\/12\/IMG_20231213_125645_04.jpg\" alt=\"\" class=\"wp-image-25378\" srcset=\"https:\/\/5lo.lublin.pl\/wp-content\/uploads\/2023\/12\/IMG_20231213_125645_04.jpg 768w, https:\/\/5lo.lublin.pl\/wp-content\/uploads\/2023\/12\/IMG_20231213_125645_04-225x300.jpg 225w\" sizes=\"(max-width: 768px) 100vw, 768px\" \/><\/figure>\n\n\n\n<figure class=\"wp-block-image size-large\"><img loading=\"lazy\" decoding=\"async\" width=\"1024\" height=\"768\" data-id=\"25380\" src=\"https:\/\/5lo.lublin.pl\/wp-content\/uploads\/2023\/12\/IMG_20231213_130053_05.jpg\" alt=\"\" class=\"wp-image-25380\" srcset=\"https:\/\/5lo.lublin.pl\/wp-content\/uploads\/2023\/12\/IMG_20231213_130053_05.jpg 1024w, https:\/\/5lo.lublin.pl\/wp-content\/uploads\/2023\/12\/IMG_20231213_130053_05-300x225.jpg 300w, https:\/\/5lo.lublin.pl\/wp-content\/uploads\/2023\/12\/IMG_20231213_130053_05-768x576.jpg 768w\" sizes=\"(max-width: 1024px) 100vw, 1024px\" \/><\/figure>\n\n\n\n<figure class=\"wp-block-image size-large\"><img loading=\"lazy\" decoding=\"async\" width=\"768\" height=\"1024\" data-id=\"25379\" src=\"https:\/\/5lo.lublin.pl\/wp-content\/uploads\/2023\/12\/IMG_20231213_130759_06.jpg\" alt=\"\" class=\"wp-image-25379\" srcset=\"https:\/\/5lo.lublin.pl\/wp-content\/uploads\/2023\/12\/IMG_20231213_130759_06.jpg 768w, https:\/\/5lo.lublin.pl\/wp-content\/uploads\/2023\/12\/IMG_20231213_130759_06-225x300.jpg 225w\" sizes=\"(max-width: 768px) 100vw, 768px\" \/><\/figure>\n\n\n\n<figure class=\"wp-block-image size-large\"><img loading=\"lazy\" decoding=\"async\" width=\"1024\" height=\"768\" data-id=\"25381\" src=\"https:\/\/5lo.lublin.pl\/wp-content\/uploads\/2023\/12\/IMG_20231213_143614_07.jpg\" alt=\"\" class=\"wp-image-25381\" srcset=\"https:\/\/5lo.lublin.pl\/wp-content\/uploads\/2023\/12\/IMG_20231213_143614_07.jpg 1024w, https:\/\/5lo.lublin.pl\/wp-content\/uploads\/2023\/12\/IMG_20231213_143614_07-300x225.jpg 300w, https:\/\/5lo.lublin.pl\/wp-content\/uploads\/2023\/12\/IMG_20231213_143614_07-768x576.jpg 768w\" sizes=\"(max-width: 1024px) 100vw, 1024px\" \/><\/figure>\n\n\n\n<figure class=\"wp-block-image size-large\"><img loading=\"lazy\" decoding=\"async\" width=\"931\" height=\"1024\" data-id=\"25382\" src=\"https:\/\/5lo.lublin.pl\/wp-content\/uploads\/2023\/12\/IMG_20231213_170401_08.jpg\" alt=\"\" class=\"wp-image-25382\" srcset=\"https:\/\/5lo.lublin.pl\/wp-content\/uploads\/2023\/12\/IMG_20231213_170401_08.jpg 931w, https:\/\/5lo.lublin.pl\/wp-content\/uploads\/2023\/12\/IMG_20231213_170401_08-273x300.jpg 273w, https:\/\/5lo.lublin.pl\/wp-content\/uploads\/2023\/12\/IMG_20231213_170401_08-768x845.jpg 768w\" sizes=\"(max-width: 931px) 100vw, 931px\" \/><figcaption class=\"wp-element-caption\">smart<\/figcaption><\/figure>\n<\/figure>\n","protected":false},"excerpt":{"rendered":"<p>13 grudnia w bibliotece szkolnej odby\u0142y si\u0119 warsztaty \u015bwi\u0105teczne \u2013 mo\u017cna by\u0142o pomalowa\u0107 gipsowe figurki choinkowe. Serdecznie dzi\u0119kujemy Pani Dyrektor za wsparcie naszej inicjatywy, Radzie Rodzic\u00f3w za fundusze na zakup materia\u0142\u00f3w oraz Wam, drodzy Uczniowie, za liczny udzia\u0142 w warsztatach. Nauczyciele bibliotekarze<\/p>\n","protected":false},"author":29,"featured_media":25377,"comment_status":"closed","ping_status":"open","sticky":false,"template":"","format":"standard","meta":{"footnotes":""},"categories":[222,1,133],"tags":[],"_links":{"self":[{"href":"https:\/\/5lo.lublin.pl\/index.php?rest_route=\/wp\/v2\/posts\/25374"}],"collection":[{"href":"https:\/\/5lo.lublin.pl\/index.php?rest_route=\/wp\/v2\/posts"}],"about":[{"href":"https:\/\/5lo.lublin.pl\/index.php?rest_route=\/wp\/v2\/types\/post"}],"author":[{"embeddable":true,"href":"https:\/\/5lo.lublin.pl\/index.php?rest_route=\/wp\/v2\/users\/29"}],"replies":[{"embeddable":true,"href":"https:\/\/5lo.lublin.pl\/index.php?rest_route=%2Fwp%2Fv2%2Fcomments&post=25374"}],"version-history":[{"count":1,"href":"https:\/\/5lo.lublin.pl\/index.php?rest_route=\/wp\/v2\/posts\/25374\/revisions"}],"predecessor-version":[{"id":25383,"href":"https:\/\/5lo.lublin.pl\/index.php?rest_route=\/wp\/v2\/posts\/25374\/revisions\/25383"}],"wp:featuredmedia":[{"embeddable":true,"href":"https:\/\/5lo.lublin.pl\/index.php?rest_route=\/wp\/v2\/media\/25377"}],"wp:attachment":[{"href":"https:\/\/5lo.lublin.pl\/index.php?rest_route=%2Fwp%2Fv2%2Fmedia&parent=25374"}],"wp:term":[{"taxonomy":"category","embeddable":true,"href":"https:\/\/5lo.lublin.pl\/index.php?rest_route=%2Fwp%2Fv2%2Fcategories&post=25374"},{"taxonomy":"post_tag","embeddable":true,"href":"https:\/\/5lo.lublin.pl\/index.php?rest_route=%2Fwp%2Fv2%2Ftags&post=25374"}],"curies":[{"name":"wp","href":"https:\/\/api.w.org\/{rel}","templated":true}]}}