{"id":25351,"date":"2023-12-13T19:15:29","date_gmt":"2023-12-13T19:15:29","guid":{"rendered":"https:\/\/5lo.lublin.pl\/?p=25351"},"modified":"2023-12-13T19:15:33","modified_gmt":"2023-12-13T19:15:33","slug":"bozonarodzeniowa-zbiorka-zywnosci-caritas","status":"publish","type":"post","link":"https:\/\/5lo.lublin.pl\/?p=25351","title":{"rendered":"Bo\u017conarodzeniowa Zbi\u00f3rka \u017bywno\u015bci Caritas"},"content":{"rendered":"\n<p>W pi\u0105tek, 8 grudnia 2023 uczniowie klas I-III, cz\u0142onkowie i sympatycy Szkolnego Ko\u0142a Caritas przy VLO uczestniczyli w przed\u015bwi\u0105tecznej zbi\u00f3rce \u017cywno\u015bci w sklepie Stokrotka, w centrum handlowym Plaza w Lublinie.<\/p>\n\n\n\n<p>Zebrali\u015bmy a\u017c <strong>6 pude\u0142 artyku\u0142\u00f3w \u017cywno\u015bciowych, wi\u0119c akcja uda\u0142a si\u0119 na \u201e6\u201d<\/strong>. A dzi\u0119ki \u201e12\u201d wspania\u0142ych wolontariuszy z naszej \u201ePi\u0105tki\u201d Caritas Archidiecezji Lubelskiej przygotuje paczki na Bo\u017ce Narodzenie dla najbardziej potrzebuj\u0105cych w naszym regionie.<\/p>\n\n\n\n<p>Dzi\u0119kujemy za otwarto\u015b\u0107 serca i zaanga\u017cowanie.<\/p>\n\n\n\n<p>Jednocze\u015bnie zach\u0119camy wszystkich, tworz\u0105cych spo\u0142eczno\u015b\u0107 naszego Liceum, do w\u0142\u0105czenia si\u0119 w&nbsp;trwaj\u0105ce akcje dobroczynne na rzecz potrzebuj\u0105cych:<\/p>\n\n\n\n<p>1. <strong>sprzeda\u017c \u015bwiec wigilijnych Caritas <\/strong>\u2013 s\u0105 dost\u0119pne w sali 201 oraz pokoju nauczycielskim (pieni\u0105dze, uzyskane ze sprzeda\u017cy \u015bwiec, zostan\u0105 przeznaczone na sfinansowanie wakacyjnego wypoczynku, posi\u0142k\u00f3w, stypendi\u00f3w dla najbiedniejszych dzieci oraz wsparcie ich w rehabilitacji i&nbsp;leczeniu);<\/p>\n\n\n\n<p><strong>2. zbi\u00f3rka artyku\u0142\u00f3w szkolnych i materia\u0142\u00f3w biurowych (<\/strong>d\u0142ugopisy, o\u0142\u00f3wki, kredki, flamstry, zeszyty, bloki rysunkowe i techniczne, tak\u017ce kolorowe, kleje, plastelina, farby, p\u0119dzle itp.) \u2013 mo\u017cna&nbsp; je przynosi\u0107 do sali 201, do pud\u0142a na ko\u0144cu sali \u2013 wszystkie te artyku\u0142y zostan\u0105 przekazane na rzecz <strong>\u015b<\/strong><strong>wietlicy dla dzieci w Lublinie<\/strong>, prowadzonej przez Caritas.<\/p>\n\n\n\n<p>No i oczywi\u015bcie nie zapominajcie o g\u0142odnym \u201eZakr\u0119tko\u017cercy\u201d, stoj\u0105cym naprzeciw sali 109.<\/p>\n\n\n\n<figure class=\"wp-block-gallery has-nested-images columns-default is-cropped wp-block-gallery-1 is-layout-flex wp-block-gallery-is-layout-flex\">\n<figure class=\"wp-block-image size-large\"><img loading=\"lazy\" decoding=\"async\" width=\"768\" height=\"1024\" data-id=\"25354\" src=\"https:\/\/5lo.lublin.pl\/wp-content\/uploads\/2023\/12\/3-768x1024.jpg\" alt=\"\" class=\"wp-image-25354\" srcset=\"https:\/\/5lo.lublin.pl\/wp-content\/uploads\/2023\/12\/3-768x1024.jpg 768w, https:\/\/5lo.lublin.pl\/wp-content\/uploads\/2023\/12\/3-225x300.jpg 225w, https:\/\/5lo.lublin.pl\/wp-content\/uploads\/2023\/12\/3-1152x1536.jpg 1152w, https:\/\/5lo.lublin.pl\/wp-content\/uploads\/2023\/12\/3.jpg 1536w\" sizes=\"(max-width: 768px) 100vw, 768px\" \/><\/figure>\n\n\n\n<figure class=\"wp-block-image size-large\"><img loading=\"lazy\" decoding=\"async\" width=\"768\" height=\"1024\" data-id=\"25356\" src=\"https:\/\/5lo.lublin.pl\/wp-content\/uploads\/2023\/12\/6-768x1024.jpg\" alt=\"\" class=\"wp-image-25356\" srcset=\"https:\/\/5lo.lublin.pl\/wp-content\/uploads\/2023\/12\/6-768x1024.jpg 768w, https:\/\/5lo.lublin.pl\/wp-content\/uploads\/2023\/12\/6-225x300.jpg 225w, https:\/\/5lo.lublin.pl\/wp-content\/uploads\/2023\/12\/6-1152x1536.jpg 1152w, https:\/\/5lo.lublin.pl\/wp-content\/uploads\/2023\/12\/6.jpg 1536w\" sizes=\"(max-width: 768px) 100vw, 768px\" \/><\/figure>\n\n\n\n<figure class=\"wp-block-image size-large\"><img loading=\"lazy\" decoding=\"async\" width=\"576\" height=\"1024\" data-id=\"25357\" src=\"https:\/\/5lo.lublin.pl\/wp-content\/uploads\/2023\/12\/8-576x1024.jpg\" alt=\"\" class=\"wp-image-25357\" srcset=\"https:\/\/5lo.lublin.pl\/wp-content\/uploads\/2023\/12\/8-576x1024.jpg 576w, https:\/\/5lo.lublin.pl\/wp-content\/uploads\/2023\/12\/8-169x300.jpg 169w, https:\/\/5lo.lublin.pl\/wp-content\/uploads\/2023\/12\/8-768x1365.jpg 768w, https:\/\/5lo.lublin.pl\/wp-content\/uploads\/2023\/12\/8-864x1536.jpg 864w, https:\/\/5lo.lublin.pl\/wp-content\/uploads\/2023\/12\/8.jpg 900w\" sizes=\"(max-width: 576px) 100vw, 576px\" \/><\/figure>\n\n\n\n<figure class=\"wp-block-image size-large\"><img loading=\"lazy\" decoding=\"async\" width=\"1024\" height=\"576\" data-id=\"25353\" src=\"https:\/\/5lo.lublin.pl\/wp-content\/uploads\/2023\/12\/11-1024x576.jpg\" alt=\"\" class=\"wp-image-25353\" srcset=\"https:\/\/5lo.lublin.pl\/wp-content\/uploads\/2023\/12\/11-1024x576.jpg 1024w, https:\/\/5lo.lublin.pl\/wp-content\/uploads\/2023\/12\/11-300x169.jpg 300w, https:\/\/5lo.lublin.pl\/wp-content\/uploads\/2023\/12\/11-768x432.jpg 768w, https:\/\/5lo.lublin.pl\/wp-content\/uploads\/2023\/12\/11-1536x864.jpg 1536w, https:\/\/5lo.lublin.pl\/wp-content\/uploads\/2023\/12\/11.jpg 1600w\" sizes=\"(max-width: 1024px) 100vw, 1024px\" \/><\/figure>\n<\/figure>\n","protected":false},"excerpt":{"rendered":"<p>W pi\u0105tek, 8 grudnia 2023 uczniowie klas I-III, cz\u0142onkowie i sympatycy Szkolnego Ko\u0142a Caritas przy VLO uczestniczyli w przed\u015bwi\u0105tecznej zbi\u00f3rce \u017cywno\u015bci w sklepie Stokrotka, w centrum handlowym Plaza w Lublinie. Zebrali\u015bmy a\u017c 6 pude\u0142 artyku\u0142\u00f3w \u017cywno\u015bciowych, wi\u0119c akcja uda\u0142a si\u0119 na \u201e6\u201d. A dzi\u0119ki \u201e12\u201d wspania\u0142ych wolontariuszy z naszej \u201ePi\u0105tki\u201d Caritas Archidiecezji Lubelskiej przygotuje paczki [&hellip;]<\/p>\n","protected":false},"author":29,"featured_media":25352,"comment_status":"closed","ping_status":"open","sticky":false,"template":"","format":"standard","meta":{"footnotes":""},"categories":[1,133],"tags":[],"_links":{"self":[{"href":"https:\/\/5lo.lublin.pl\/index.php?rest_route=\/wp\/v2\/posts\/25351"}],"collection":[{"href":"https:\/\/5lo.lublin.pl\/index.php?rest_route=\/wp\/v2\/posts"}],"about":[{"href":"https:\/\/5lo.lublin.pl\/index.php?rest_route=\/wp\/v2\/types\/post"}],"author":[{"embeddable":true,"href":"https:\/\/5lo.lublin.pl\/index.php?rest_route=\/wp\/v2\/users\/29"}],"replies":[{"embeddable":true,"href":"https:\/\/5lo.lublin.pl\/index.php?rest_route=%2Fwp%2Fv2%2Fcomments&post=25351"}],"version-history":[{"count":1,"href":"https:\/\/5lo.lublin.pl\/index.php?rest_route=\/wp\/v2\/posts\/25351\/revisions"}],"predecessor-version":[{"id":25359,"href":"https:\/\/5lo.lublin.pl\/index.php?rest_route=\/wp\/v2\/posts\/25351\/revisions\/25359"}],"wp:featuredmedia":[{"embeddable":true,"href":"https:\/\/5lo.lublin.pl\/index.php?rest_route=\/wp\/v2\/media\/25352"}],"wp:attachment":[{"href":"https:\/\/5lo.lublin.pl\/index.php?rest_route=%2Fwp%2Fv2%2Fmedia&parent=25351"}],"wp:term":[{"taxonomy":"category","embeddable":true,"href":"https:\/\/5lo.lublin.pl\/index.php?rest_route=%2Fwp%2Fv2%2Fcategories&post=25351"},{"taxonomy":"post_tag","embeddable":true,"href":"https:\/\/5lo.lublin.pl\/index.php?rest_route=%2Fwp%2Fv2%2Ftags&post=25351"}],"curies":[{"name":"wp","href":"https:\/\/api.w.org\/{rel}","templated":true}]}}