{"id":25348,"date":"2023-12-13T19:11:22","date_gmt":"2023-12-13T19:11:22","guid":{"rendered":"https:\/\/5lo.lublin.pl\/?p=25348"},"modified":"2024-01-02T15:46:46","modified_gmt":"2024-01-02T15:46:46","slug":"kartka","status":"publish","type":"post","link":"https:\/\/5lo.lublin.pl\/?p=25348","title":{"rendered":"Kartka"},"content":{"rendered":"\n<p class=\"has-text-align-center\">S\u0142owami Patronki Naszej Szko\u0142y \u017cyczymy:<\/p>\n\n\n\n<p class=\"has-text-align-center\">&#8222;zdrowia na ca\u0142y rok, dobrego humoru, dobrej pracy, roku, w czasie kt\u00f3rego ka\u017cdy dzie\u0144 przyniesie rado\u015b\u0107 \u017cycia bez oczekiwania, a\u017c minie, \u017ceby dojrze\u0107 w nim co\u015b mi\u0142ego&#8221;.<\/p>\n\n\n\n<p class=\"has-text-align-center\">Dyrektor Beata Jezierska<\/p>\n\n\n\n<p class=\"has-text-align-center\">Grono Pedagogiczne<\/p>\n\n\n\n<p class=\"has-text-align-center\">Pracownicy<\/p>\n\n\n\n<p class=\"has-text-align-center\">Samorz\u0105d Uczniowski<\/p>\n\n\n\n<p class=\"has-text-align-center\">V Liceum Og\u00f3lnokszta\u0142c\u0105cego im. Marii Sk\u0142odowskiej-Curie w Lublinie<\/p>\n","protected":false},"excerpt":{"rendered":"<p>S\u0142owami Patronki Naszej Szko\u0142y \u017cyczymy: &#8222;zdrowia na ca\u0142y rok, dobrego humoru, dobrej pracy, roku, w czasie kt\u00f3rego ka\u017cdy dzie\u0144 przyniesie rado\u015b\u0107 \u017cycia bez oczekiwania, a\u017c minie, \u017ceby dojrze\u0107 w nim co\u015b mi\u0142ego&#8221;. Dyrektor Beata Jezierska Grono Pedagogiczne Pracownicy Samorz\u0105d Uczniowski V Liceum Og\u00f3lnokszta\u0142c\u0105cego im. Marii Sk\u0142odowskiej-Curie w Lublinie<\/p>\n","protected":false},"author":29,"featured_media":25349,"comment_status":"closed","ping_status":"open","sticky":false,"template":"","format":"standard","meta":{"footnotes":""},"categories":[1],"tags":[],"_links":{"self":[{"href":"https:\/\/5lo.lublin.pl\/index.php?rest_route=\/wp\/v2\/posts\/25348"}],"collection":[{"href":"https:\/\/5lo.lublin.pl\/index.php?rest_route=\/wp\/v2\/posts"}],"about":[{"href":"https:\/\/5lo.lublin.pl\/index.php?rest_route=\/wp\/v2\/types\/post"}],"author":[{"embeddable":true,"href":"https:\/\/5lo.lublin.pl\/index.php?rest_route=\/wp\/v2\/users\/29"}],"replies":[{"embeddable":true,"href":"https:\/\/5lo.lublin.pl\/index.php?rest_route=%2Fwp%2Fv2%2Fcomments&post=25348"}],"version-history":[{"count":1,"href":"https:\/\/5lo.lublin.pl\/index.php?rest_route=\/wp\/v2\/posts\/25348\/revisions"}],"predecessor-version":[{"id":25451,"href":"https:\/\/5lo.lublin.pl\/index.php?rest_route=\/wp\/v2\/posts\/25348\/revisions\/25451"}],"wp:featuredmedia":[{"embeddable":true,"href":"https:\/\/5lo.lublin.pl\/index.php?rest_route=\/wp\/v2\/media\/25349"}],"wp:attachment":[{"href":"https:\/\/5lo.lublin.pl\/index.php?rest_route=%2Fwp%2Fv2%2Fmedia&parent=25348"}],"wp:term":[{"taxonomy":"category","embeddable":true,"href":"https:\/\/5lo.lublin.pl\/index.php?rest_route=%2Fwp%2Fv2%2Fcategories&post=25348"},{"taxonomy":"post_tag","embeddable":true,"href":"https:\/\/5lo.lublin.pl\/index.php?rest_route=%2Fwp%2Fv2%2Ftags&post=25348"}],"curies":[{"name":"wp","href":"https:\/\/api.w.org\/{rel}","templated":true}]}}