{"id":25345,"date":"2023-12-12T17:13:00","date_gmt":"2023-12-12T17:13:00","guid":{"rendered":"https:\/\/5lo.lublin.pl\/?p=25345"},"modified":"2023-12-13T19:30:01","modified_gmt":"2023-12-13T19:30:01","slug":"warsztaty-swiateczne","status":"publish","type":"post","link":"https:\/\/5lo.lublin.pl\/?p=25345","title":{"rendered":"Warsztaty \u015bwi\u0105teczne"},"content":{"rendered":"\n<p><strong>Drodzy Nauczyciele i Uczniowie!<\/strong><br \/>Serdecznie zapraszamy Was na <strong>warsztaty \u015bwi\u0105teczne<\/strong>. Tym razem b\u0119dziemy malowa\u0107 gipsowe ozdoby choinkowe. Ozdobione w\u0142asnor\u0119cznie figurki oczywi\u015bcie zabierzecie ze sob\u0105. <br \/>Zapewniamy wszystkie materia\u0142y i sympatyczn\u0105 atmosfer\u0119! <br \/>Warsztaty odb\u0119d\u0105 si\u0119 <br \/><strong>w bibliotece szkolnej w \u015brod\u0119 13 grudnia w godzinach 9.00 \u2013 15.00.<\/strong><\/p>\n\n\n\n<p>Nauczyciele bibliotekarze<\/p>\n","protected":false},"excerpt":{"rendered":"<p>Drodzy Nauczyciele i Uczniowie!Serdecznie zapraszamy Was na warsztaty \u015bwi\u0105teczne. Tym razem b\u0119dziemy malowa\u0107 gipsowe ozdoby choinkowe. Ozdobione w\u0142asnor\u0119cznie figurki oczywi\u015bcie zabierzecie ze sob\u0105. Zapewniamy wszystkie materia\u0142y i sympatyczn\u0105 atmosfer\u0119! Warsztaty odb\u0119d\u0105 si\u0119 w bibliotece szkolnej w \u015brod\u0119 13 grudnia w godzinach 9.00 \u2013 15.00. Nauczyciele bibliotekarze<\/p>\n","protected":false},"author":29,"featured_media":25346,"comment_status":"closed","ping_status":"open","sticky":false,"template":"","format":"standard","meta":{"footnotes":""},"categories":[222,1,133],"tags":[],"_links":{"self":[{"href":"https:\/\/5lo.lublin.pl\/index.php?rest_route=\/wp\/v2\/posts\/25345"}],"collection":[{"href":"https:\/\/5lo.lublin.pl\/index.php?rest_route=\/wp\/v2\/posts"}],"about":[{"href":"https:\/\/5lo.lublin.pl\/index.php?rest_route=\/wp\/v2\/types\/post"}],"author":[{"embeddable":true,"href":"https:\/\/5lo.lublin.pl\/index.php?rest_route=\/wp\/v2\/users\/29"}],"replies":[{"embeddable":true,"href":"https:\/\/5lo.lublin.pl\/index.php?rest_route=%2Fwp%2Fv2%2Fcomments&post=25345"}],"version-history":[{"count":1,"href":"https:\/\/5lo.lublin.pl\/index.php?rest_route=\/wp\/v2\/posts\/25345\/revisions"}],"predecessor-version":[{"id":25372,"href":"https:\/\/5lo.lublin.pl\/index.php?rest_route=\/wp\/v2\/posts\/25345\/revisions\/25372"}],"wp:featuredmedia":[{"embeddable":true,"href":"https:\/\/5lo.lublin.pl\/index.php?rest_route=\/wp\/v2\/media\/25346"}],"wp:attachment":[{"href":"https:\/\/5lo.lublin.pl\/index.php?rest_route=%2Fwp%2Fv2%2Fmedia&parent=25345"}],"wp:term":[{"taxonomy":"category","embeddable":true,"href":"https:\/\/5lo.lublin.pl\/index.php?rest_route=%2Fwp%2Fv2%2Fcategories&post=25345"},{"taxonomy":"post_tag","embeddable":true,"href":"https:\/\/5lo.lublin.pl\/index.php?rest_route=%2Fwp%2Fv2%2Ftags&post=25345"}],"curies":[{"name":"wp","href":"https:\/\/api.w.org\/{rel}","templated":true}]}}