{"id":25337,"date":"2023-12-12T17:10:24","date_gmt":"2023-12-12T17:10:24","guid":{"rendered":"https:\/\/5lo.lublin.pl\/?p=25337"},"modified":"2023-12-12T17:10:27","modified_gmt":"2023-12-12T17:10:27","slug":"wygrany-konkurs-emilii-dzwonnik","status":"publish","type":"post","link":"https:\/\/5lo.lublin.pl\/?p=25337","title":{"rendered":"Wygrany konkurs &#8211; Emilii Dzwonnik"},"content":{"rendered":"\n<p>Serdecznie gratulujemy Emilii Dzwonnik z klasy 1b za zaj\u0119cie I miejsca w III kategorii<\/p>\n\n\n\n<p>w &#8222;Mi\u0119dzygalaktycznym Konkursie Komiksowym &#8211; \u015awiat Sztuki&#8221;<\/p>\n\n\n\n<p>VII Og\u00f3lnopolskiego Lubelskiego Konkursu Komiksowego.<\/p>\n\n\n\n<p>Wernisa\u017c wystawy pokonkursowej mia\u0142 miejsce 8.12 o godz. 17.00 w Filii nr 35 MBP w Lublinie.<\/p>\n\n\n\n<p>Nagrodzone prace mo\u017cna ogl\u0105da\u0107 przez ca\u0142y miesi\u0105c.<\/p>\n\n\n\n<figure class=\"wp-block-gallery has-nested-images columns-default is-cropped wp-block-gallery-1 is-layout-flex wp-block-gallery-is-layout-flex\">\n<figure class=\"wp-block-image size-large\"><img loading=\"lazy\" decoding=\"async\" width=\"768\" height=\"1024\" data-id=\"25339\" src=\"https:\/\/5lo.lublin.pl\/wp-content\/uploads\/2023\/12\/EMILIA-DZWONNIK-LO-V-KOMIKS-01_04.jpg\" alt=\"\" class=\"wp-image-25339\" srcset=\"https:\/\/5lo.lublin.pl\/wp-content\/uploads\/2023\/12\/EMILIA-DZWONNIK-LO-V-KOMIKS-01_04.jpg 768w, https:\/\/5lo.lublin.pl\/wp-content\/uploads\/2023\/12\/EMILIA-DZWONNIK-LO-V-KOMIKS-01_04-225x300.jpg 225w\" sizes=\"(max-width: 768px) 100vw, 768px\" \/><\/figure>\n\n\n\n<figure class=\"wp-block-image size-large\"><img loading=\"lazy\" decoding=\"async\" width=\"768\" height=\"1024\" data-id=\"25341\" src=\"https:\/\/5lo.lublin.pl\/wp-content\/uploads\/2023\/12\/EMILIA-DZWONNIK-LO-V-KOMIKS-02_05.jpg\" alt=\"\" class=\"wp-image-25341\" srcset=\"https:\/\/5lo.lublin.pl\/wp-content\/uploads\/2023\/12\/EMILIA-DZWONNIK-LO-V-KOMIKS-02_05.jpg 768w, https:\/\/5lo.lublin.pl\/wp-content\/uploads\/2023\/12\/EMILIA-DZWONNIK-LO-V-KOMIKS-02_05-225x300.jpg 225w\" sizes=\"(max-width: 768px) 100vw, 768px\" \/><\/figure>\n\n\n\n<figure class=\"wp-block-image size-large\"><img loading=\"lazy\" decoding=\"async\" width=\"768\" height=\"1024\" data-id=\"25340\" src=\"https:\/\/5lo.lublin.pl\/wp-content\/uploads\/2023\/12\/EMILIA-DZWONNIK-LO-V-KOMIKS-03_01.jpg\" alt=\"\" class=\"wp-image-25340\" srcset=\"https:\/\/5lo.lublin.pl\/wp-content\/uploads\/2023\/12\/EMILIA-DZWONNIK-LO-V-KOMIKS-03_01.jpg 768w, https:\/\/5lo.lublin.pl\/wp-content\/uploads\/2023\/12\/EMILIA-DZWONNIK-LO-V-KOMIKS-03_01-225x300.jpg 225w\" sizes=\"(max-width: 768px) 100vw, 768px\" \/><\/figure>\n<\/figure>\n\n\n\n<figure class=\"wp-block-image size-full\"><img loading=\"lazy\" decoding=\"async\" width=\"768\" height=\"1024\" src=\"https:\/\/5lo.lublin.pl\/wp-content\/uploads\/2023\/12\/20231208_171648_02-1.jpg\" alt=\"\" class=\"wp-image-25343\" srcset=\"https:\/\/5lo.lublin.pl\/wp-content\/uploads\/2023\/12\/20231208_171648_02-1.jpg 768w, https:\/\/5lo.lublin.pl\/wp-content\/uploads\/2023\/12\/20231208_171648_02-1-225x300.jpg 225w\" sizes=\"(max-width: 768px) 100vw, 768px\" \/><\/figure>\n","protected":false},"excerpt":{"rendered":"<p>Serdecznie gratulujemy Emilii Dzwonnik z klasy 1b za zaj\u0119cie I miejsca w III kategorii w &#8222;Mi\u0119dzygalaktycznym Konkursie Komiksowym &#8211; \u015awiat Sztuki&#8221; VII Og\u00f3lnopolskiego Lubelskiego Konkursu Komiksowego. Wernisa\u017c wystawy pokonkursowej mia\u0142 miejsce 8.12 o godz. 17.00 w Filii nr 35 MBP w Lublinie. Nagrodzone prace mo\u017cna ogl\u0105da\u0107 przez ca\u0142y miesi\u0105c.<\/p>\n","protected":false},"author":29,"featured_media":25342,"comment_status":"closed","ping_status":"open","sticky":false,"template":"","format":"standard","meta":{"footnotes":""},"categories":[222,362,1,134,133],"tags":[],"_links":{"self":[{"href":"https:\/\/5lo.lublin.pl\/index.php?rest_route=\/wp\/v2\/posts\/25337"}],"collection":[{"href":"https:\/\/5lo.lublin.pl\/index.php?rest_route=\/wp\/v2\/posts"}],"about":[{"href":"https:\/\/5lo.lublin.pl\/index.php?rest_route=\/wp\/v2\/types\/post"}],"author":[{"embeddable":true,"href":"https:\/\/5lo.lublin.pl\/index.php?rest_route=\/wp\/v2\/users\/29"}],"replies":[{"embeddable":true,"href":"https:\/\/5lo.lublin.pl\/index.php?rest_route=%2Fwp%2Fv2%2Fcomments&post=25337"}],"version-history":[{"count":1,"href":"https:\/\/5lo.lublin.pl\/index.php?rest_route=\/wp\/v2\/posts\/25337\/revisions"}],"predecessor-version":[{"id":25344,"href":"https:\/\/5lo.lublin.pl\/index.php?rest_route=\/wp\/v2\/posts\/25337\/revisions\/25344"}],"wp:featuredmedia":[{"embeddable":true,"href":"https:\/\/5lo.lublin.pl\/index.php?rest_route=\/wp\/v2\/media\/25342"}],"wp:attachment":[{"href":"https:\/\/5lo.lublin.pl\/index.php?rest_route=%2Fwp%2Fv2%2Fmedia&parent=25337"}],"wp:term":[{"taxonomy":"category","embeddable":true,"href":"https:\/\/5lo.lublin.pl\/index.php?rest_route=%2Fwp%2Fv2%2Fcategories&post=25337"},{"taxonomy":"post_tag","embeddable":true,"href":"https:\/\/5lo.lublin.pl\/index.php?rest_route=%2Fwp%2Fv2%2Ftags&post=25337"}],"curies":[{"name":"wp","href":"https:\/\/api.w.org\/{rel}","templated":true}]}}