{"id":25325,"date":"2023-12-12T16:56:12","date_gmt":"2023-12-12T16:56:12","guid":{"rendered":"https:\/\/5lo.lublin.pl\/?p=25325"},"modified":"2023-12-12T16:56:16","modified_gmt":"2023-12-12T16:56:16","slug":"gratulacje-2","status":"publish","type":"post","link":"https:\/\/5lo.lublin.pl\/?p=25325","title":{"rendered":"Gratulacje"},"content":{"rendered":"\n<p>Mamy ogromn\u0105 przyjemno\u015b\u0107 poinformowa\u0107, \u017ce nasza szko\u0142a zosta\u0142a laureatem programu o\u015bwiatowego organizowanego przez Fundacj\u0119 PGNiG im. Ignacego \u0141ukasiewicza&nbsp; dla szk\u00f3\u0142 ponadpodstawowych <strong>IN\u017bYNIEROWIE PRZYSZ\u0141O\u015aCI<\/strong>.&nbsp;&nbsp;&nbsp;&nbsp;<br \/><br \/>&nbsp; Pi\u0119cioro uczni\u00f3w i uczennic V LO uzyska\u0142o granty na realizacj\u0119 projekt\u00f3w do\u015bwiadczalnych zg\u0142oszonych do konkursu.&nbsp;Przes\u0142ane koncepcje prac badawczych znalaz\u0142y si\u0119 w gronie 100 najlepszych pomys\u0142\u00f3w projekt\u00f3w edukacyjnych, jakie zosta\u0142y zg\u0142oszone do tego programu o\u015bwiatowego z ca\u0142ej Polski. Jest nam szczeg\u00f3lnie mi\u0142o, pogratulowa\u0107 sukcesu uczniom klasy 2b Miko\u0142ajowi Rymanowskiemu, Szymonowi Kuchler , uczniom klasy 2a Jakubowi Czech, Miko\u0142ajowi Koziej oraz uczennicy klasy 3b Alicji Dudzic.<\/p>\n\n\n\n<p>\u017byczymy sukces\u00f3w w kolejnych etapach realizacji projekt\u00f3w badawczych.<\/p>\n","protected":false},"excerpt":{"rendered":"<p>Mamy ogromn\u0105 przyjemno\u015b\u0107 poinformowa\u0107, \u017ce nasza szko\u0142a zosta\u0142a laureatem programu o\u015bwiatowego organizowanego przez Fundacj\u0119 PGNiG im. Ignacego \u0141ukasiewicza&nbsp; dla szk\u00f3\u0142 ponadpodstawowych IN\u017bYNIEROWIE PRZYSZ\u0141O\u015aCI.&nbsp;&nbsp;&nbsp;&nbsp; &nbsp; Pi\u0119cioro uczni\u00f3w i uczennic V LO uzyska\u0142o granty na realizacj\u0119 projekt\u00f3w do\u015bwiadczalnych zg\u0142oszonych do konkursu.&nbsp;Przes\u0142ane koncepcje prac badawczych znalaz\u0142y si\u0119 w gronie 100 najlepszych pomys\u0142\u00f3w projekt\u00f3w edukacyjnych, jakie zosta\u0142y zg\u0142oszone do [&hellip;]<\/p>\n","protected":false},"author":29,"featured_media":25326,"comment_status":"closed","ping_status":"open","sticky":false,"template":"","format":"standard","meta":{"footnotes":""},"categories":[1,135,133],"tags":[],"_links":{"self":[{"href":"https:\/\/5lo.lublin.pl\/index.php?rest_route=\/wp\/v2\/posts\/25325"}],"collection":[{"href":"https:\/\/5lo.lublin.pl\/index.php?rest_route=\/wp\/v2\/posts"}],"about":[{"href":"https:\/\/5lo.lublin.pl\/index.php?rest_route=\/wp\/v2\/types\/post"}],"author":[{"embeddable":true,"href":"https:\/\/5lo.lublin.pl\/index.php?rest_route=\/wp\/v2\/users\/29"}],"replies":[{"embeddable":true,"href":"https:\/\/5lo.lublin.pl\/index.php?rest_route=%2Fwp%2Fv2%2Fcomments&post=25325"}],"version-history":[{"count":1,"href":"https:\/\/5lo.lublin.pl\/index.php?rest_route=\/wp\/v2\/posts\/25325\/revisions"}],"predecessor-version":[{"id":25327,"href":"https:\/\/5lo.lublin.pl\/index.php?rest_route=\/wp\/v2\/posts\/25325\/revisions\/25327"}],"wp:featuredmedia":[{"embeddable":true,"href":"https:\/\/5lo.lublin.pl\/index.php?rest_route=\/wp\/v2\/media\/25326"}],"wp:attachment":[{"href":"https:\/\/5lo.lublin.pl\/index.php?rest_route=%2Fwp%2Fv2%2Fmedia&parent=25325"}],"wp:term":[{"taxonomy":"category","embeddable":true,"href":"https:\/\/5lo.lublin.pl\/index.php?rest_route=%2Fwp%2Fv2%2Fcategories&post=25325"},{"taxonomy":"post_tag","embeddable":true,"href":"https:\/\/5lo.lublin.pl\/index.php?rest_route=%2Fwp%2Fv2%2Ftags&post=25325"}],"curies":[{"name":"wp","href":"https:\/\/api.w.org\/{rel}","templated":true}]}}