{"id":25313,"date":"2023-12-10T14:46:19","date_gmt":"2023-12-10T14:46:19","guid":{"rendered":"https:\/\/5lo.lublin.pl\/?p=25313"},"modified":"2023-12-10T14:46:23","modified_gmt":"2023-12-10T14:46:23","slug":"dzien-z-mafila","status":"publish","type":"post","link":"https:\/\/5lo.lublin.pl\/?p=25313","title":{"rendered":"Dzie\u0144 z MaFil\u0105"},"content":{"rendered":"<div class=\"wp-block-image\">\n<figure class=\"aligncenter size-full\"><img loading=\"lazy\" decoding=\"async\" width=\"425\" height=\"611\" src=\"https:\/\/5lo.lublin.pl\/wp-content\/uploads\/2023\/12\/image-4.png\" alt=\"\" class=\"wp-image-25315\" srcset=\"https:\/\/5lo.lublin.pl\/wp-content\/uploads\/2023\/12\/image-4.png 425w, https:\/\/5lo.lublin.pl\/wp-content\/uploads\/2023\/12\/image-4-209x300.png 209w\" sizes=\"(max-width: 425px) 100vw, 425px\" \/><\/figure><\/div>\n\n\n<p>1 grudnia 2023 po raz kolejny skorzystali\u015bmy z zaproszenia <strong>Wydzia\u0142u Matematyki, Fizyki i Informatyki UMCS w Lublinie <\/strong>i wzi\u0119li\u015bmy udzia\u0142 w\u00a0<strong>Dniu z\u00a0MaFiI-\u0105<\/strong>\u00a0\u2013 wyk\u0142adach i warsztatach popularyzuj\u0105cych\u00a0<strong>matematyk\u0119<\/strong>.<\/p>\n\n\n\n<p>Wydarzenie zosta\u0142o obj\u0119te patronatem Oddzia\u0142u Lubelskiego&nbsp;<strong>Polskiego <\/strong><strong>Towarzystwa Matematycznego<\/strong>.<strong><\/strong><\/p>\n\n\n<div class=\"wp-block-image\">\n<figure class=\"aligncenter size-full\"><img loading=\"lazy\" decoding=\"async\" width=\"209\" height=\"106\" src=\"https:\/\/5lo.lublin.pl\/wp-content\/uploads\/2023\/12\/image-3.png\" alt=\"\" class=\"wp-image-25314\"\/><\/figure><\/div>\n\n\n<p>Klasa IV B wys\u0142ucha\u0142a wyk\u0142adu <strong>Lemat Burnside&#8217;a \u2013 czyli jak za zas\u0142on\u0105 codziennego \u017cycia ukrywaj\u0105 si\u0119 tajemnice matematyki<\/strong>, kt\u00f3ry wyg\u0142osi\u0142 <strong>dr Jerzy Mycka<\/strong>. Wyk\u0142ad by\u0142 po\u015bwi\u0119cony sztuce zliczania r\u00f3\u017cnych mo\u017cliwych struktur zbudowanych z zadanych element\u00f3w. Klasycznym przyk\u0142adem b\u0119dzie <strong>konstrukcja witra\u017cy z kolorowych szkie\u0142ek <\/strong>ustalonego (np. tr\u00f3jk\u0105tnego) kszta\u0142tu.<\/p>\n\n\n\n<p>Nast\u0119pnie uczniowie uczestniczyli w warsztatach&nbsp;<strong>Tworzenie fraktali<\/strong>,&nbsp;kt\u00f3re przygotowa\u0142y: <strong>dr Magdalena Skrzypiec, dr Anna G\u0105sior<\/strong>. Zaj\u0119cia warsztatowe przybli\u017cy\u0142y matematyczne ciekawostki: <strong>zbi\u00f3r Cantora, dywan Sierpi\u0144skiego, drzewo Pitagorasa, kostka Mengera<\/strong>. Za&nbsp;pomoc\u0105 linijki i&nbsp;o\u0142\u00f3wka uczniowie wykonali kilka pierwszych etap\u00f3w konstrukcji zbior\u00f3w, zwanych fraktalami i&nbsp;obliczyli dla nich <strong>wymiar<\/strong> <strong>Hausdorffa<\/strong>. Ale to nie wszystko. Zajrzeli&nbsp; w&nbsp;g\u0142\u0105b <strong>zbioru Mandelbrota<\/strong>. By\u0142o kolorowo i bardzo ciekawie!<\/p>\n\n\n\n<p>Klasa II A na warsztatach <strong>Kwadratowe kule<\/strong>, kt\u00f3re przygotowa\u0142y <strong>dr Anna G\u0105sior, dr Magdalena Skrzypiec, <\/strong>przekona\u0142a si\u0119, \u017ce <strong>kula nie zawsze jest okr\u0105g\u0142a!<\/strong> Zaj\u0119cia by\u0142y pierwsz\u0105 wypraw\u0105 w tajemniczy <strong>\u015bwiat topologii metrycznej<\/strong>. Poznali\u015bmy r\u00f3\u017cne sposoby poruszania si\u0119 po p\u0142aszczy\u017anie i r\u00f3\u017cne rodzaje mierzenia odleg\u0142o\u015bci pomi\u0119dzy punktami. Uczniowie samodzielnie rysowali kule, kt\u00f3re w zale\u017cno\u015bci od metryki przyjmowa\u0142y r\u00f3\u017cne kszta\u0142ty!<\/p>\n\n\n\n<p>Nast\u0119pnie przyszed\u0142 czas na warsztaty warsztaty&nbsp;<strong>Czy \u201eujemna delta\u201d zawsze oznacza brak rozwi\u0105za\u0144? <\/strong><strong>prowadzone przez<\/strong><strong> lic. Weronika Szczepanik<\/strong>. Podczas zaj\u0119\u0107 uczniowie stawiali pierwsze kroki w pracy z <strong>liczbami zespolonymi.<\/strong> Poznali podstawow\u0105 teori\u0119 i w\u0142asno\u015bci liczb zespolonych. Okaza\u0142o si\u0119, \u017ce delta ujemna mo\u017ce by\u0107 przyjemna!<\/p>\n\n\n\n<p><strong>Matematyka mo\u017ce by\u0107 kolorowa i ciekawa!<\/strong> Do zobaczenia za rok!<\/p>\n\n\n\n<figure class=\"wp-block-gallery has-nested-images columns-default is-cropped wp-block-gallery-1 is-layout-flex wp-block-gallery-is-layout-flex\">\n<figure class=\"wp-block-image size-large\"><img loading=\"lazy\" decoding=\"async\" width=\"1024\" height=\"473\" data-id=\"25317\" src=\"https:\/\/5lo.lublin.pl\/wp-content\/uploads\/2023\/12\/foto3-1024x473.jpg\" alt=\"\" class=\"wp-image-25317\" srcset=\"https:\/\/5lo.lublin.pl\/wp-content\/uploads\/2023\/12\/foto3-1024x473.jpg 1024w, https:\/\/5lo.lublin.pl\/wp-content\/uploads\/2023\/12\/foto3-300x139.jpg 300w, https:\/\/5lo.lublin.pl\/wp-content\/uploads\/2023\/12\/foto3-768x355.jpg 768w, https:\/\/5lo.lublin.pl\/wp-content\/uploads\/2023\/12\/foto3-1536x709.jpg 1536w, https:\/\/5lo.lublin.pl\/wp-content\/uploads\/2023\/12\/foto3.jpg 1992w\" sizes=\"(max-width: 1024px) 100vw, 1024px\" \/><\/figure>\n\n\n\n<figure class=\"wp-block-image size-large\"><img loading=\"lazy\" decoding=\"async\" width=\"1024\" height=\"489\" data-id=\"25318\" src=\"https:\/\/5lo.lublin.pl\/wp-content\/uploads\/2023\/12\/foto9-1024x489.jpg\" alt=\"\" class=\"wp-image-25318\" srcset=\"https:\/\/5lo.lublin.pl\/wp-content\/uploads\/2023\/12\/foto9-1024x489.jpg 1024w, https:\/\/5lo.lublin.pl\/wp-content\/uploads\/2023\/12\/foto9-300x143.jpg 300w, https:\/\/5lo.lublin.pl\/wp-content\/uploads\/2023\/12\/foto9-768x367.jpg 768w, https:\/\/5lo.lublin.pl\/wp-content\/uploads\/2023\/12\/foto9-1536x734.jpg 1536w, https:\/\/5lo.lublin.pl\/wp-content\/uploads\/2023\/12\/foto9.jpg 1809w\" sizes=\"(max-width: 1024px) 100vw, 1024px\" \/><\/figure>\n\n\n\n<figure class=\"wp-block-image size-large\"><img loading=\"lazy\" decoding=\"async\" width=\"538\" height=\"1024\" data-id=\"25319\" src=\"https:\/\/5lo.lublin.pl\/wp-content\/uploads\/2023\/12\/foto17-538x1024.jpg\" alt=\"\" class=\"wp-image-25319\" srcset=\"https:\/\/5lo.lublin.pl\/wp-content\/uploads\/2023\/12\/foto17-538x1024.jpg 538w, https:\/\/5lo.lublin.pl\/wp-content\/uploads\/2023\/12\/foto17-158x300.jpg 158w, https:\/\/5lo.lublin.pl\/wp-content\/uploads\/2023\/12\/foto17-768x1461.jpg 768w, https:\/\/5lo.lublin.pl\/wp-content\/uploads\/2023\/12\/foto17-808x1536.jpg 808w, https:\/\/5lo.lublin.pl\/wp-content\/uploads\/2023\/12\/foto17.jpg 906w\" sizes=\"(max-width: 538px) 100vw, 538px\" \/><\/figure>\n\n\n\n<figure class=\"wp-block-image size-large\"><img loading=\"lazy\" decoding=\"async\" width=\"556\" height=\"1024\" data-id=\"25320\" src=\"https:\/\/5lo.lublin.pl\/wp-content\/uploads\/2023\/12\/foto18-556x1024.jpg\" alt=\"\" class=\"wp-image-25320\" srcset=\"https:\/\/5lo.lublin.pl\/wp-content\/uploads\/2023\/12\/foto18-556x1024.jpg 556w, https:\/\/5lo.lublin.pl\/wp-content\/uploads\/2023\/12\/foto18-163x300.jpg 163w, https:\/\/5lo.lublin.pl\/wp-content\/uploads\/2023\/12\/foto18-768x1414.jpg 768w, https:\/\/5lo.lublin.pl\/wp-content\/uploads\/2023\/12\/foto18-834x1536.jpg 834w, https:\/\/5lo.lublin.pl\/wp-content\/uploads\/2023\/12\/foto18.jpg 920w\" sizes=\"(max-width: 556px) 100vw, 556px\" \/><\/figure>\n\n\n\n<figure class=\"wp-block-image size-large\"><img loading=\"lazy\" decoding=\"async\" width=\"1024\" height=\"561\" data-id=\"25321\" src=\"https:\/\/5lo.lublin.pl\/wp-content\/uploads\/2023\/12\/foto19-1024x561.jpg\" alt=\"\" class=\"wp-image-25321\" srcset=\"https:\/\/5lo.lublin.pl\/wp-content\/uploads\/2023\/12\/foto19-1024x561.jpg 1024w, https:\/\/5lo.lublin.pl\/wp-content\/uploads\/2023\/12\/foto19-300x164.jpg 300w, https:\/\/5lo.lublin.pl\/wp-content\/uploads\/2023\/12\/foto19-768x421.jpg 768w, https:\/\/5lo.lublin.pl\/wp-content\/uploads\/2023\/12\/foto19-1536x841.jpg 1536w, https:\/\/5lo.lublin.pl\/wp-content\/uploads\/2023\/12\/foto19.jpg 1620w\" sizes=\"(max-width: 1024px) 100vw, 1024px\" \/><\/figure>\n\n\n\n<figure class=\"wp-block-image size-large\"><img loading=\"lazy\" decoding=\"async\" width=\"592\" height=\"1024\" data-id=\"25322\" src=\"https:\/\/5lo.lublin.pl\/wp-content\/uploads\/2023\/12\/foto20-592x1024.jpg\" alt=\"\" class=\"wp-image-25322\" srcset=\"https:\/\/5lo.lublin.pl\/wp-content\/uploads\/2023\/12\/foto20-592x1024.jpg 592w, https:\/\/5lo.lublin.pl\/wp-content\/uploads\/2023\/12\/foto20-174x300.jpg 174w, https:\/\/5lo.lublin.pl\/wp-content\/uploads\/2023\/12\/foto20-768x1328.jpg 768w, https:\/\/5lo.lublin.pl\/wp-content\/uploads\/2023\/12\/foto20-889x1536.jpg 889w, https:\/\/5lo.lublin.pl\/wp-content\/uploads\/2023\/12\/foto20.jpg 914w\" sizes=\"(max-width: 592px) 100vw, 592px\" \/><\/figure>\n<\/figure>\n","protected":false},"excerpt":{"rendered":"<p>1 grudnia 2023 po raz kolejny skorzystali\u015bmy z zaproszenia Wydzia\u0142u Matematyki, Fizyki i Informatyki UMCS w Lublinie i wzi\u0119li\u015bmy udzia\u0142 w\u00a0Dniu z\u00a0MaFiI-\u0105\u00a0\u2013 wyk\u0142adach i warsztatach popularyzuj\u0105cych\u00a0matematyk\u0119. Wydarzenie zosta\u0142o obj\u0119te patronatem Oddzia\u0142u Lubelskiego&nbsp;Polskiego Towarzystwa Matematycznego. Klasa IV B wys\u0142ucha\u0142a wyk\u0142adu Lemat Burnside&#8217;a \u2013 czyli jak za zas\u0142on\u0105 codziennego \u017cycia ukrywaj\u0105 si\u0119 tajemnice matematyki, kt\u00f3ry wyg\u0142osi\u0142 dr [&hellip;]<\/p>\n","protected":false},"author":29,"featured_media":25316,"comment_status":"closed","ping_status":"open","sticky":false,"template":"","format":"standard","meta":{"footnotes":""},"categories":[1,395,133],"tags":[],"_links":{"self":[{"href":"https:\/\/5lo.lublin.pl\/index.php?rest_route=\/wp\/v2\/posts\/25313"}],"collection":[{"href":"https:\/\/5lo.lublin.pl\/index.php?rest_route=\/wp\/v2\/posts"}],"about":[{"href":"https:\/\/5lo.lublin.pl\/index.php?rest_route=\/wp\/v2\/types\/post"}],"author":[{"embeddable":true,"href":"https:\/\/5lo.lublin.pl\/index.php?rest_route=\/wp\/v2\/users\/29"}],"replies":[{"embeddable":true,"href":"https:\/\/5lo.lublin.pl\/index.php?rest_route=%2Fwp%2Fv2%2Fcomments&post=25313"}],"version-history":[{"count":1,"href":"https:\/\/5lo.lublin.pl\/index.php?rest_route=\/wp\/v2\/posts\/25313\/revisions"}],"predecessor-version":[{"id":25323,"href":"https:\/\/5lo.lublin.pl\/index.php?rest_route=\/wp\/v2\/posts\/25313\/revisions\/25323"}],"wp:featuredmedia":[{"embeddable":true,"href":"https:\/\/5lo.lublin.pl\/index.php?rest_route=\/wp\/v2\/media\/25316"}],"wp:attachment":[{"href":"https:\/\/5lo.lublin.pl\/index.php?rest_route=%2Fwp%2Fv2%2Fmedia&parent=25313"}],"wp:term":[{"taxonomy":"category","embeddable":true,"href":"https:\/\/5lo.lublin.pl\/index.php?rest_route=%2Fwp%2Fv2%2Fcategories&post=25313"},{"taxonomy":"post_tag","embeddable":true,"href":"https:\/\/5lo.lublin.pl\/index.php?rest_route=%2Fwp%2Fv2%2Ftags&post=25313"}],"curies":[{"name":"wp","href":"https:\/\/api.w.org\/{rel}","templated":true}]}}