{"id":25299,"date":"2023-12-10T14:29:46","date_gmt":"2023-12-10T14:29:46","guid":{"rendered":"https:\/\/5lo.lublin.pl\/?p=25299"},"modified":"2023-12-11T17:22:05","modified_gmt":"2023-12-11T17:22:05","slug":"szkola-pelna-talentow-podsumowanie","status":"publish","type":"post","link":"https:\/\/5lo.lublin.pl\/?p=25299","title":{"rendered":"Szko\u0142a pe\u0142na talent\u00f3w \u2013 podsumowanie"},"content":{"rendered":"\n<p>Szanowni Pa\u0144stwo,<\/p>\n\n\n\n<p>Wsp\u00f3lnymi si\u0142ami uda\u0142o si\u0119 nam nazbiera\u0107 2200 talenciak\u00f3w otrzymywanych\u00a0 za zakupy w Lidlu. Zosta\u0142y one wymienione na nast\u0119puj\u0105ce nagrody: 2 zestawy gier planszowych (11 sztuk) i pude\u0142ko kreatywnych niespodzianek. Z gier mo\u017cna korzysta\u0107 w bibliotece szkolnej.<\/p>\n\n\n\n<p>Dzi\u0119kujemy bardzo wszystkim, kt\u00f3rzy przy\u0142\u0105czyli si\u0119 do naszej akcji!<\/p>\n\n\n\n<figure class=\"wp-block-gallery has-nested-images columns-default is-cropped wp-block-gallery-1 is-layout-flex wp-block-gallery-is-layout-flex\">\n<figure class=\"wp-block-image size-large\"><img loading=\"lazy\" decoding=\"async\" width=\"836\" height=\"1024\" data-id=\"25305\" src=\"https:\/\/5lo.lublin.pl\/wp-content\/uploads\/2023\/12\/IMG_20231206_163732-836x1024.jpg\" alt=\"\" class=\"wp-image-25305\" srcset=\"https:\/\/5lo.lublin.pl\/wp-content\/uploads\/2023\/12\/IMG_20231206_163732-836x1024.jpg 836w, https:\/\/5lo.lublin.pl\/wp-content\/uploads\/2023\/12\/IMG_20231206_163732-245x300.jpg 245w, https:\/\/5lo.lublin.pl\/wp-content\/uploads\/2023\/12\/IMG_20231206_163732-768x941.jpg 768w, https:\/\/5lo.lublin.pl\/wp-content\/uploads\/2023\/12\/IMG_20231206_163732-1254x1536.jpg 1254w, https:\/\/5lo.lublin.pl\/wp-content\/uploads\/2023\/12\/IMG_20231206_163732-1672x2048.jpg 1672w\" sizes=\"(max-width: 836px) 100vw, 836px\" \/><figcaption class=\"wp-element-caption\">smart<\/figcaption><\/figure>\n\n\n\n<figure class=\"wp-block-image size-large\"><img loading=\"lazy\" decoding=\"async\" width=\"707\" height=\"1024\" data-id=\"25304\" src=\"https:\/\/5lo.lublin.pl\/wp-content\/uploads\/2023\/12\/IMG_20231207_111634-707x1024.jpg\" alt=\"\" class=\"wp-image-25304\" srcset=\"https:\/\/5lo.lublin.pl\/wp-content\/uploads\/2023\/12\/IMG_20231207_111634-707x1024.jpg 707w, https:\/\/5lo.lublin.pl\/wp-content\/uploads\/2023\/12\/IMG_20231207_111634-207x300.jpg 207w, https:\/\/5lo.lublin.pl\/wp-content\/uploads\/2023\/12\/IMG_20231207_111634-768x1113.jpg 768w, https:\/\/5lo.lublin.pl\/wp-content\/uploads\/2023\/12\/IMG_20231207_111634-1060x1536.jpg 1060w, https:\/\/5lo.lublin.pl\/wp-content\/uploads\/2023\/12\/IMG_20231207_111634-1413x2048.jpg 1413w, https:\/\/5lo.lublin.pl\/wp-content\/uploads\/2023\/12\/IMG_20231207_111634-scaled.jpg 1767w\" sizes=\"(max-width: 707px) 100vw, 707px\" \/><figcaption class=\"wp-element-caption\">smart<\/figcaption><\/figure>\n\n\n\n<figure class=\"wp-block-image size-large\"><img loading=\"lazy\" decoding=\"async\" width=\"1024\" height=\"596\" data-id=\"25303\" src=\"https:\/\/5lo.lublin.pl\/wp-content\/uploads\/2023\/12\/IMG_20231207_112658-1024x596.jpg\" alt=\"\" class=\"wp-image-25303\" srcset=\"https:\/\/5lo.lublin.pl\/wp-content\/uploads\/2023\/12\/IMG_20231207_112658-1024x596.jpg 1024w, https:\/\/5lo.lublin.pl\/wp-content\/uploads\/2023\/12\/IMG_20231207_112658-300x175.jpg 300w, https:\/\/5lo.lublin.pl\/wp-content\/uploads\/2023\/12\/IMG_20231207_112658-768x447.jpg 768w, https:\/\/5lo.lublin.pl\/wp-content\/uploads\/2023\/12\/IMG_20231207_112658-1536x895.jpg 1536w, https:\/\/5lo.lublin.pl\/wp-content\/uploads\/2023\/12\/IMG_20231207_112658.jpg 1600w\" sizes=\"(max-width: 1024px) 100vw, 1024px\" \/><\/figure>\n\n\n\n<figure class=\"wp-block-image size-large\"><img loading=\"lazy\" decoding=\"async\" width=\"1024\" height=\"519\" data-id=\"25302\" src=\"https:\/\/5lo.lublin.pl\/wp-content\/uploads\/2023\/12\/IMG_20231207_112729-1024x519.jpg\" alt=\"\" class=\"wp-image-25302\" srcset=\"https:\/\/5lo.lublin.pl\/wp-content\/uploads\/2023\/12\/IMG_20231207_112729-1024x519.jpg 1024w, https:\/\/5lo.lublin.pl\/wp-content\/uploads\/2023\/12\/IMG_20231207_112729-300x152.jpg 300w, https:\/\/5lo.lublin.pl\/wp-content\/uploads\/2023\/12\/IMG_20231207_112729-768x390.jpg 768w, https:\/\/5lo.lublin.pl\/wp-content\/uploads\/2023\/12\/IMG_20231207_112729-1536x779.jpg 1536w, https:\/\/5lo.lublin.pl\/wp-content\/uploads\/2023\/12\/IMG_20231207_112729.jpg 1589w\" sizes=\"(max-width: 1024px) 100vw, 1024px\" \/><\/figure>\n<\/figure>\n","protected":false},"excerpt":{"rendered":"<p>Szanowni Pa\u0144stwo, Wsp\u00f3lnymi si\u0142ami uda\u0142o si\u0119 nam nazbiera\u0107 2200 talenciak\u00f3w otrzymywanych\u00a0 za zakupy w Lidlu. Zosta\u0142y one wymienione na nast\u0119puj\u0105ce nagrody: 2 zestawy gier planszowych (11 sztuk) i pude\u0142ko kreatywnych niespodzianek. Z gier mo\u017cna korzysta\u0107 w bibliotece szkolnej. Dzi\u0119kujemy bardzo wszystkim, kt\u00f3rzy przy\u0142\u0105czyli si\u0119 do naszej akcji!<\/p>\n","protected":false},"author":29,"featured_media":25300,"comment_status":"closed","ping_status":"open","sticky":false,"template":"","format":"standard","meta":{"footnotes":""},"categories":[222,1,133],"tags":[],"_links":{"self":[{"href":"https:\/\/5lo.lublin.pl\/index.php?rest_route=\/wp\/v2\/posts\/25299"}],"collection":[{"href":"https:\/\/5lo.lublin.pl\/index.php?rest_route=\/wp\/v2\/posts"}],"about":[{"href":"https:\/\/5lo.lublin.pl\/index.php?rest_route=\/wp\/v2\/types\/post"}],"author":[{"embeddable":true,"href":"https:\/\/5lo.lublin.pl\/index.php?rest_route=\/wp\/v2\/users\/29"}],"replies":[{"embeddable":true,"href":"https:\/\/5lo.lublin.pl\/index.php?rest_route=%2Fwp%2Fv2%2Fcomments&post=25299"}],"version-history":[{"count":1,"href":"https:\/\/5lo.lublin.pl\/index.php?rest_route=\/wp\/v2\/posts\/25299\/revisions"}],"predecessor-version":[{"id":25308,"href":"https:\/\/5lo.lublin.pl\/index.php?rest_route=\/wp\/v2\/posts\/25299\/revisions\/25308"}],"wp:featuredmedia":[{"embeddable":true,"href":"https:\/\/5lo.lublin.pl\/index.php?rest_route=\/wp\/v2\/media\/25300"}],"wp:attachment":[{"href":"https:\/\/5lo.lublin.pl\/index.php?rest_route=%2Fwp%2Fv2%2Fmedia&parent=25299"}],"wp:term":[{"taxonomy":"category","embeddable":true,"href":"https:\/\/5lo.lublin.pl\/index.php?rest_route=%2Fwp%2Fv2%2Fcategories&post=25299"},{"taxonomy":"post_tag","embeddable":true,"href":"https:\/\/5lo.lublin.pl\/index.php?rest_route=%2Fwp%2Fv2%2Ftags&post=25299"}],"curies":[{"name":"wp","href":"https:\/\/api.w.org\/{rel}","templated":true}]}}