{"id":25286,"date":"2023-12-06T16:55:34","date_gmt":"2023-12-06T16:55:34","guid":{"rendered":"https:\/\/5lo.lublin.pl\/?p=25286"},"modified":"2023-12-06T16:55:38","modified_gmt":"2023-12-06T16:55:38","slug":"dzien-gotycki-umcs","status":"publish","type":"post","link":"https:\/\/5lo.lublin.pl\/?p=25286","title":{"rendered":"Dzie\u0144 Gotycki UMCS"},"content":{"rendered":"\n<p>30.11.2023 uczniowie klasy 2b wzi\u0119li udzia\u0142 w Dniu Gotyckim organizowanym przez Katedr\u0119 Anglistyki i Amerykanistyki UMCS . Nasze uczennice : Magdalena \u0141ukomska (2e), Wiktoria Guziak ( 2b) i Anna Mitrus <br \/>(2g) przygotowa\u0142y i przedstawi\u0142y prezentacj\u0119 pt &#8221; Oblicza gotyku. Gotyk w architekturze, muzyce i modzie&#8221;<\/p>\n\n\n\n<figure class=\"wp-block-gallery has-nested-images columns-default is-cropped wp-block-gallery-1 is-layout-flex wp-block-gallery-is-layout-flex\">\n<figure class=\"wp-block-image size-large\"><img loading=\"lazy\" decoding=\"async\" width=\"461\" height=\"1024\" data-id=\"25289\" src=\"https:\/\/5lo.lublin.pl\/wp-content\/uploads\/2023\/12\/399916046_720365803367857_1179273869939794909_n-461x1024.jpg\" alt=\"\" class=\"wp-image-25289\" srcset=\"https:\/\/5lo.lublin.pl\/wp-content\/uploads\/2023\/12\/399916046_720365803367857_1179273869939794909_n-461x1024.jpg 461w, https:\/\/5lo.lublin.pl\/wp-content\/uploads\/2023\/12\/399916046_720365803367857_1179273869939794909_n-135x300.jpg 135w, https:\/\/5lo.lublin.pl\/wp-content\/uploads\/2023\/12\/399916046_720365803367857_1179273869939794909_n-768x1705.jpg 768w, https:\/\/5lo.lublin.pl\/wp-content\/uploads\/2023\/12\/399916046_720365803367857_1179273869939794909_n-692x1536.jpg 692w, https:\/\/5lo.lublin.pl\/wp-content\/uploads\/2023\/12\/399916046_720365803367857_1179273869939794909_n.jpg 908w\" sizes=\"(max-width: 461px) 100vw, 461px\" \/><\/figure>\n\n\n\n<figure class=\"wp-block-image size-large\"><img loading=\"lazy\" decoding=\"async\" width=\"461\" height=\"1024\" data-id=\"25287\" src=\"https:\/\/5lo.lublin.pl\/wp-content\/uploads\/2023\/12\/403412946_1047655062948905_6932935574803291724_n-461x1024.jpg\" alt=\"\" class=\"wp-image-25287\" srcset=\"https:\/\/5lo.lublin.pl\/wp-content\/uploads\/2023\/12\/403412946_1047655062948905_6932935574803291724_n-461x1024.jpg 461w, https:\/\/5lo.lublin.pl\/wp-content\/uploads\/2023\/12\/403412946_1047655062948905_6932935574803291724_n-135x300.jpg 135w, https:\/\/5lo.lublin.pl\/wp-content\/uploads\/2023\/12\/403412946_1047655062948905_6932935574803291724_n-768x1705.jpg 768w, https:\/\/5lo.lublin.pl\/wp-content\/uploads\/2023\/12\/403412946_1047655062948905_6932935574803291724_n-692x1536.jpg 692w, https:\/\/5lo.lublin.pl\/wp-content\/uploads\/2023\/12\/403412946_1047655062948905_6932935574803291724_n.jpg 908w\" sizes=\"(max-width: 461px) 100vw, 461px\" \/><\/figure>\n\n\n\n<figure class=\"wp-block-image size-large\"><img loading=\"lazy\" decoding=\"async\" width=\"461\" height=\"1024\" data-id=\"25288\" src=\"https:\/\/5lo.lublin.pl\/wp-content\/uploads\/2023\/12\/403618104_370615202197100_5847302634818854144_n-461x1024.jpg\" alt=\"\" class=\"wp-image-25288\" srcset=\"https:\/\/5lo.lublin.pl\/wp-content\/uploads\/2023\/12\/403618104_370615202197100_5847302634818854144_n-461x1024.jpg 461w, https:\/\/5lo.lublin.pl\/wp-content\/uploads\/2023\/12\/403618104_370615202197100_5847302634818854144_n-135x300.jpg 135w, https:\/\/5lo.lublin.pl\/wp-content\/uploads\/2023\/12\/403618104_370615202197100_5847302634818854144_n-768x1705.jpg 768w, https:\/\/5lo.lublin.pl\/wp-content\/uploads\/2023\/12\/403618104_370615202197100_5847302634818854144_n-692x1536.jpg 692w, https:\/\/5lo.lublin.pl\/wp-content\/uploads\/2023\/12\/403618104_370615202197100_5847302634818854144_n.jpg 908w\" sizes=\"(max-width: 461px) 100vw, 461px\" \/><\/figure>\n<\/figure>\n\n\n\n<figure class=\"wp-block-gallery has-nested-images columns-default is-cropped wp-block-gallery-2 is-layout-flex wp-block-gallery-is-layout-flex\">\n<figure class=\"wp-block-image size-large\"><img loading=\"lazy\" decoding=\"async\" width=\"1024\" height=\"461\" data-id=\"25290\" src=\"https:\/\/5lo.lublin.pl\/wp-content\/uploads\/2023\/12\/400700863_1026230091977144_7538355314901306498_n2-1024x461.jpg\" alt=\"\" class=\"wp-image-25290\" srcset=\"https:\/\/5lo.lublin.pl\/wp-content\/uploads\/2023\/12\/400700863_1026230091977144_7538355314901306498_n2-1024x461.jpg 1024w, https:\/\/5lo.lublin.pl\/wp-content\/uploads\/2023\/12\/400700863_1026230091977144_7538355314901306498_n2-300x135.jpg 300w, https:\/\/5lo.lublin.pl\/wp-content\/uploads\/2023\/12\/400700863_1026230091977144_7538355314901306498_n2-768x346.jpg 768w, https:\/\/5lo.lublin.pl\/wp-content\/uploads\/2023\/12\/400700863_1026230091977144_7538355314901306498_n2-1536x692.jpg 1536w, https:\/\/5lo.lublin.pl\/wp-content\/uploads\/2023\/12\/400700863_1026230091977144_7538355314901306498_n2.jpg 2016w\" sizes=\"(max-width: 1024px) 100vw, 1024px\" \/><\/figure>\n\n\n\n<figure class=\"wp-block-image size-large\"><img loading=\"lazy\" decoding=\"async\" width=\"1024\" height=\"461\" data-id=\"25291\" src=\"https:\/\/5lo.lublin.pl\/wp-content\/uploads\/2023\/12\/400985716_132482013292097_296877149366072407_n2-1024x461.jpg\" alt=\"\" class=\"wp-image-25291\" srcset=\"https:\/\/5lo.lublin.pl\/wp-content\/uploads\/2023\/12\/400985716_132482013292097_296877149366072407_n2-1024x461.jpg 1024w, https:\/\/5lo.lublin.pl\/wp-content\/uploads\/2023\/12\/400985716_132482013292097_296877149366072407_n2-300x135.jpg 300w, https:\/\/5lo.lublin.pl\/wp-content\/uploads\/2023\/12\/400985716_132482013292097_296877149366072407_n2-768x346.jpg 768w, https:\/\/5lo.lublin.pl\/wp-content\/uploads\/2023\/12\/400985716_132482013292097_296877149366072407_n2-1536x692.jpg 1536w, https:\/\/5lo.lublin.pl\/wp-content\/uploads\/2023\/12\/400985716_132482013292097_296877149366072407_n2.jpg 2016w\" sizes=\"(max-width: 1024px) 100vw, 1024px\" \/><\/figure>\n\n\n\n<figure class=\"wp-block-image size-large\"><img loading=\"lazy\" decoding=\"async\" width=\"1024\" height=\"461\" data-id=\"25294\" src=\"https:\/\/5lo.lublin.pl\/wp-content\/uploads\/2023\/12\/401044502_1046792356532601_5407605466507779893_n-1024x461.jpg\" alt=\"\" class=\"wp-image-25294\" srcset=\"https:\/\/5lo.lublin.pl\/wp-content\/uploads\/2023\/12\/401044502_1046792356532601_5407605466507779893_n-1024x461.jpg 1024w, https:\/\/5lo.lublin.pl\/wp-content\/uploads\/2023\/12\/401044502_1046792356532601_5407605466507779893_n-300x135.jpg 300w, https:\/\/5lo.lublin.pl\/wp-content\/uploads\/2023\/12\/401044502_1046792356532601_5407605466507779893_n-768x346.jpg 768w, https:\/\/5lo.lublin.pl\/wp-content\/uploads\/2023\/12\/401044502_1046792356532601_5407605466507779893_n-1536x692.jpg 1536w, https:\/\/5lo.lublin.pl\/wp-content\/uploads\/2023\/12\/401044502_1046792356532601_5407605466507779893_n.jpg 2016w\" sizes=\"(max-width: 1024px) 100vw, 1024px\" \/><\/figure>\n\n\n\n<figure class=\"wp-block-image size-large\"><img loading=\"lazy\" decoding=\"async\" width=\"1024\" height=\"461\" data-id=\"25292\" src=\"https:\/\/5lo.lublin.pl\/wp-content\/uploads\/2023\/12\/403411302_1271687056850054_1689369866046432586_n-1024x461.jpg\" alt=\"\" class=\"wp-image-25292\" srcset=\"https:\/\/5lo.lublin.pl\/wp-content\/uploads\/2023\/12\/403411302_1271687056850054_1689369866046432586_n-1024x461.jpg 1024w, https:\/\/5lo.lublin.pl\/wp-content\/uploads\/2023\/12\/403411302_1271687056850054_1689369866046432586_n-300x135.jpg 300w, https:\/\/5lo.lublin.pl\/wp-content\/uploads\/2023\/12\/403411302_1271687056850054_1689369866046432586_n-768x346.jpg 768w, https:\/\/5lo.lublin.pl\/wp-content\/uploads\/2023\/12\/403411302_1271687056850054_1689369866046432586_n-1536x692.jpg 1536w, https:\/\/5lo.lublin.pl\/wp-content\/uploads\/2023\/12\/403411302_1271687056850054_1689369866046432586_n.jpg 2016w\" sizes=\"(max-width: 1024px) 100vw, 1024px\" \/><\/figure>\n\n\n\n<figure class=\"wp-block-image size-large\"><img loading=\"lazy\" decoding=\"async\" width=\"1024\" height=\"461\" data-id=\"25293\" src=\"https:\/\/5lo.lublin.pl\/wp-content\/uploads\/2023\/12\/403473927_337113525617506_3120209780496618952_n-1024x461.jpg\" alt=\"\" class=\"wp-image-25293\" srcset=\"https:\/\/5lo.lublin.pl\/wp-content\/uploads\/2023\/12\/403473927_337113525617506_3120209780496618952_n-1024x461.jpg 1024w, https:\/\/5lo.lublin.pl\/wp-content\/uploads\/2023\/12\/403473927_337113525617506_3120209780496618952_n-300x135.jpg 300w, https:\/\/5lo.lublin.pl\/wp-content\/uploads\/2023\/12\/403473927_337113525617506_3120209780496618952_n-768x346.jpg 768w, https:\/\/5lo.lublin.pl\/wp-content\/uploads\/2023\/12\/403473927_337113525617506_3120209780496618952_n-1536x692.jpg 1536w, https:\/\/5lo.lublin.pl\/wp-content\/uploads\/2023\/12\/403473927_337113525617506_3120209780496618952_n.jpg 2016w\" sizes=\"(max-width: 1024px) 100vw, 1024px\" \/><\/figure>\n\n\n\n<figure class=\"wp-block-image size-large\"><img loading=\"lazy\" decoding=\"async\" width=\"1024\" height=\"461\" data-id=\"25295\" src=\"https:\/\/5lo.lublin.pl\/wp-content\/uploads\/2023\/12\/403603319_233023699691834_5126491337910636731_n-1024x461.jpg\" alt=\"\" class=\"wp-image-25295\" srcset=\"https:\/\/5lo.lublin.pl\/wp-content\/uploads\/2023\/12\/403603319_233023699691834_5126491337910636731_n-1024x461.jpg 1024w, https:\/\/5lo.lublin.pl\/wp-content\/uploads\/2023\/12\/403603319_233023699691834_5126491337910636731_n-300x135.jpg 300w, https:\/\/5lo.lublin.pl\/wp-content\/uploads\/2023\/12\/403603319_233023699691834_5126491337910636731_n-768x346.jpg 768w, https:\/\/5lo.lublin.pl\/wp-content\/uploads\/2023\/12\/403603319_233023699691834_5126491337910636731_n-1536x692.jpg 1536w, https:\/\/5lo.lublin.pl\/wp-content\/uploads\/2023\/12\/403603319_233023699691834_5126491337910636731_n.jpg 2016w\" sizes=\"(max-width: 1024px) 100vw, 1024px\" \/><\/figure>\n<\/figure>\n","protected":false},"excerpt":{"rendered":"<p>30.11.2023 uczniowie klasy 2b wzi\u0119li udzia\u0142 w Dniu Gotyckim organizowanym przez Katedr\u0119 Anglistyki i Amerykanistyki UMCS . Nasze uczennice : Magdalena \u0141ukomska (2e), Wiktoria Guziak ( 2b) i Anna Mitrus (2g) przygotowa\u0142y i przedstawi\u0142y prezentacj\u0119 pt &#8221; Oblicza gotyku. Gotyk w architekturze, muzyce i modzie&#8221;<\/p>\n","protected":false},"author":29,"featured_media":25296,"comment_status":"closed","ping_status":"open","sticky":false,"template":"","format":"standard","meta":{"footnotes":""},"categories":[1,133],"tags":[],"_links":{"self":[{"href":"https:\/\/5lo.lublin.pl\/index.php?rest_route=\/wp\/v2\/posts\/25286"}],"collection":[{"href":"https:\/\/5lo.lublin.pl\/index.php?rest_route=\/wp\/v2\/posts"}],"about":[{"href":"https:\/\/5lo.lublin.pl\/index.php?rest_route=\/wp\/v2\/types\/post"}],"author":[{"embeddable":true,"href":"https:\/\/5lo.lublin.pl\/index.php?rest_route=\/wp\/v2\/users\/29"}],"replies":[{"embeddable":true,"href":"https:\/\/5lo.lublin.pl\/index.php?rest_route=%2Fwp%2Fv2%2Fcomments&post=25286"}],"version-history":[{"count":1,"href":"https:\/\/5lo.lublin.pl\/index.php?rest_route=\/wp\/v2\/posts\/25286\/revisions"}],"predecessor-version":[{"id":25297,"href":"https:\/\/5lo.lublin.pl\/index.php?rest_route=\/wp\/v2\/posts\/25286\/revisions\/25297"}],"wp:featuredmedia":[{"embeddable":true,"href":"https:\/\/5lo.lublin.pl\/index.php?rest_route=\/wp\/v2\/media\/25296"}],"wp:attachment":[{"href":"https:\/\/5lo.lublin.pl\/index.php?rest_route=%2Fwp%2Fv2%2Fmedia&parent=25286"}],"wp:term":[{"taxonomy":"category","embeddable":true,"href":"https:\/\/5lo.lublin.pl\/index.php?rest_route=%2Fwp%2Fv2%2Fcategories&post=25286"},{"taxonomy":"post_tag","embeddable":true,"href":"https:\/\/5lo.lublin.pl\/index.php?rest_route=%2Fwp%2Fv2%2Ftags&post=25286"}],"curies":[{"name":"wp","href":"https:\/\/api.w.org\/{rel}","templated":true}]}}