{"id":25280,"date":"2023-12-06T16:43:11","date_gmt":"2023-12-06T16:43:11","guid":{"rendered":"https:\/\/5lo.lublin.pl\/?p=25280"},"modified":"2023-12-06T16:43:15","modified_gmt":"2023-12-06T16:43:15","slug":"dobry-klimat-w-szkole-gramy-w-zielone","status":"publish","type":"post","link":"https:\/\/5lo.lublin.pl\/?p=25280","title":{"rendered":"Dobry klimat w szkole &#8211; graMY w zielone!"},"content":{"rendered":"\n<p>30 listopada 2023 r. uczniowie naszej szko\u0142y wzi\u0119li udzia\u0142 w spotkaniu otwieraj\u0105cym projekt&nbsp;<strong><em>Dobry klimat w szkole &#8211; graMY w zielone!<\/em><\/strong>,&nbsp;finansowany ze \u015brodk\u00f3w Miasta Lublin.<\/p>\n\n\n\n<p><strong>\u201eDobry Klimat w szkole \u2013 graMy w zielone!\u201d<\/strong>&nbsp;to cykl komplementarnych dzia\u0142a\u0144, w ramach kt\u00f3rego grupa uczni\u00f3w z V Liceum Og\u00f3lnokszta\u0142c\u0105cego im. Marii Sk\u0142odowskiej-Curie w Lublinie uczestniczy w procesie wizualizowania, tworzenia i zastosowania rozwi\u0105za\u0144 przy swojej szkole, odpowiadaj\u0105cych zasadom adaptacji do zmian klimatycznych. W ramach projektu odbywaj\u0105 si\u0119 warsztaty i dzia\u0142ania edukacyjne, przygotowuj\u0105ce i pomagaj\u0105ce uczniom zmierzy\u0107 si\u0119 w konkursie mi\u0119dzyszkolnym na projekt zagospodarowania terenu przyszkolnego.<\/p>\n\n\n\n<p>Koordynatorem projektu jest Stowarzyszenie ANTHILL.<\/p>\n\n\n\n<figure class=\"wp-block-gallery has-nested-images columns-default is-cropped wp-block-gallery-1 is-layout-flex wp-block-gallery-is-layout-flex\">\n<figure class=\"wp-block-image size-large\"><img loading=\"lazy\" decoding=\"async\" width=\"1024\" height=\"768\" data-id=\"25283\" src=\"https:\/\/5lo.lublin.pl\/wp-content\/uploads\/2023\/12\/projekt1-1024x768.jpg\" alt=\"\" class=\"wp-image-25283\" srcset=\"https:\/\/5lo.lublin.pl\/wp-content\/uploads\/2023\/12\/projekt1-1024x768.jpg 1024w, https:\/\/5lo.lublin.pl\/wp-content\/uploads\/2023\/12\/projekt1-300x225.jpg 300w, https:\/\/5lo.lublin.pl\/wp-content\/uploads\/2023\/12\/projekt1-768x576.jpg 768w, https:\/\/5lo.lublin.pl\/wp-content\/uploads\/2023\/12\/projekt1-1536x1152.jpg 1536w, https:\/\/5lo.lublin.pl\/wp-content\/uploads\/2023\/12\/projekt1.jpg 2048w\" sizes=\"(max-width: 1024px) 100vw, 1024px\" \/><\/figure>\n\n\n\n<figure class=\"wp-block-image size-large\"><img loading=\"lazy\" decoding=\"async\" width=\"768\" height=\"1024\" data-id=\"25282\" src=\"https:\/\/5lo.lublin.pl\/wp-content\/uploads\/2023\/12\/projekt2-768x1024.jpg\" alt=\"\" class=\"wp-image-25282\" srcset=\"https:\/\/5lo.lublin.pl\/wp-content\/uploads\/2023\/12\/projekt2-768x1024.jpg 768w, https:\/\/5lo.lublin.pl\/wp-content\/uploads\/2023\/12\/projekt2-225x300.jpg 225w, https:\/\/5lo.lublin.pl\/wp-content\/uploads\/2023\/12\/projekt2-1152x1536.jpg 1152w, https:\/\/5lo.lublin.pl\/wp-content\/uploads\/2023\/12\/projekt2.jpg 1536w\" sizes=\"(max-width: 768px) 100vw, 768px\" \/><\/figure>\n<\/figure>\n\n\n\n<figure class=\"wp-block-image size-large\"><img loading=\"lazy\" decoding=\"async\" width=\"722\" height=\"1024\" src=\"https:\/\/5lo.lublin.pl\/wp-content\/uploads\/2023\/12\/GRAMY-W-ZIELONE-722x1024.jpg\" alt=\"\" class=\"wp-image-25284\" srcset=\"https:\/\/5lo.lublin.pl\/wp-content\/uploads\/2023\/12\/GRAMY-W-ZIELONE-722x1024.jpg 722w, https:\/\/5lo.lublin.pl\/wp-content\/uploads\/2023\/12\/GRAMY-W-ZIELONE-211x300.jpg 211w, https:\/\/5lo.lublin.pl\/wp-content\/uploads\/2023\/12\/GRAMY-W-ZIELONE-768x1090.jpg 768w, https:\/\/5lo.lublin.pl\/wp-content\/uploads\/2023\/12\/GRAMY-W-ZIELONE-1083x1536.jpg 1083w, https:\/\/5lo.lublin.pl\/wp-content\/uploads\/2023\/12\/GRAMY-W-ZIELONE-1444x2048.jpg 1444w, https:\/\/5lo.lublin.pl\/wp-content\/uploads\/2023\/12\/GRAMY-W-ZIELONE.jpg 1748w\" sizes=\"(max-width: 722px) 100vw, 722px\" \/><\/figure>\n","protected":false},"excerpt":{"rendered":"<p>30 listopada 2023 r. uczniowie naszej szko\u0142y wzi\u0119li udzia\u0142 w spotkaniu otwieraj\u0105cym projekt&nbsp;Dobry klimat w szkole &#8211; graMY w zielone!,&nbsp;finansowany ze \u015brodk\u00f3w Miasta Lublin. \u201eDobry Klimat w szkole \u2013 graMy w zielone!\u201d&nbsp;to cykl komplementarnych dzia\u0142a\u0144, w ramach kt\u00f3rego grupa uczni\u00f3w z V Liceum Og\u00f3lnokszta\u0142c\u0105cego im. Marii Sk\u0142odowskiej-Curie w Lublinie uczestniczy w procesie wizualizowania, tworzenia i [&hellip;]<\/p>\n","protected":false},"author":29,"featured_media":25281,"comment_status":"closed","ping_status":"open","sticky":false,"template":"","format":"standard","meta":{"footnotes":""},"categories":[1,135,133],"tags":[],"_links":{"self":[{"href":"https:\/\/5lo.lublin.pl\/index.php?rest_route=\/wp\/v2\/posts\/25280"}],"collection":[{"href":"https:\/\/5lo.lublin.pl\/index.php?rest_route=\/wp\/v2\/posts"}],"about":[{"href":"https:\/\/5lo.lublin.pl\/index.php?rest_route=\/wp\/v2\/types\/post"}],"author":[{"embeddable":true,"href":"https:\/\/5lo.lublin.pl\/index.php?rest_route=\/wp\/v2\/users\/29"}],"replies":[{"embeddable":true,"href":"https:\/\/5lo.lublin.pl\/index.php?rest_route=%2Fwp%2Fv2%2Fcomments&post=25280"}],"version-history":[{"count":1,"href":"https:\/\/5lo.lublin.pl\/index.php?rest_route=\/wp\/v2\/posts\/25280\/revisions"}],"predecessor-version":[{"id":25285,"href":"https:\/\/5lo.lublin.pl\/index.php?rest_route=\/wp\/v2\/posts\/25280\/revisions\/25285"}],"wp:featuredmedia":[{"embeddable":true,"href":"https:\/\/5lo.lublin.pl\/index.php?rest_route=\/wp\/v2\/media\/25281"}],"wp:attachment":[{"href":"https:\/\/5lo.lublin.pl\/index.php?rest_route=%2Fwp%2Fv2%2Fmedia&parent=25280"}],"wp:term":[{"taxonomy":"category","embeddable":true,"href":"https:\/\/5lo.lublin.pl\/index.php?rest_route=%2Fwp%2Fv2%2Fcategories&post=25280"},{"taxonomy":"post_tag","embeddable":true,"href":"https:\/\/5lo.lublin.pl\/index.php?rest_route=%2Fwp%2Fv2%2Ftags&post=25280"}],"curies":[{"name":"wp","href":"https:\/\/api.w.org\/{rel}","templated":true}]}}