{"id":25270,"date":"2023-12-06T16:40:19","date_gmt":"2023-12-06T16:40:19","guid":{"rendered":"https:\/\/5lo.lublin.pl\/?p=25270"},"modified":"2023-12-06T16:40:23","modified_gmt":"2023-12-06T16:40:23","slug":"uczestnicy-projektu-oblicza-dialogu-we-wroclawiu","status":"publish","type":"post","link":"https:\/\/5lo.lublin.pl\/?p=25270","title":{"rendered":"Uczestnicy projektu &#8222;Oblicza Dialogu&#8221; we Wroc\u0142awiu"},"content":{"rendered":"\n<p>W ostatnim tygodniu listopada uczestnicy i sympatycy XI edycji projektu \u201eOblicza Dialogu\u201d odwiedzili Wroc\u0142aw. Zbierali materia\u0142y do uzupe\u0142niania strony\u00a0<a href=\"https:\/\/lovlu.obliczadialogu.pl\/\" target=\"_blank\" rel=\"noreferrer noopener\">https:\/\/lovlu.obliczadialogu.pl\/<\/a>\u00a0o elementach z r\u00f3\u017cnych obszar\u00f3w \u017cycia, kt\u00f3re przenikaj\u0105 ze Wschodu na Zach\u00f3d. W Centrum Edukacji Ekologicznej \u201eHydropolis\u201d szukali m.in. symboliki wody w staro\u017cytnych wierzeniach i w sztuce. W ogrodzie zoologicznym zwr\u00f3cili uwag\u0119 na zwierz\u0119ta z Azji Wschodniej, np. nosoro\u017cce pancerne. Muzeum Narodowe opr\u00f3cz obraz\u00f3w J. Matejki, A. Gierymskiego,J. Malczewskiego czy<strong>P. Bruegla m\u0142.\u00a0<\/strong>udost\u0119pnia r\u00f3wnie\u017c dzia\u0142 Orientu z rze\u017abionymi wizerunkami b\u00f3stw, przybornikami do kaligrafii, japo\u0144skimi zbrojami bojowymi czy barwnymi naczyniami porcelanowymi. Z kolei Panorama Rac\u0142awicka (do 1944 roku wystawiana we Lwowie) upami\u0119tnia zwyci\u0119sk\u0105 bitw\u0119 z 4 kwietnia 1794 roku pod Rac\u0142awicami stoczon\u0105 pod wodz\u0105 genera\u0142a Tadeusza Ko\u015bciuszki z wojskami rosyjskimi.\u00a0Elementem wyprawy by\u0142o odwiedzenie miejsca, z kt\u00f3rego wyruszy\u0142 Benedykt Polak (zm. ok. 1252) z papiesk\u0105 misj\u0105 do chana Mongo\u0142\u00f3w. Ten wielki franciszka\u0144ski podr\u00f3\u017cnik uda\u0142 si\u0119 w g\u0142\u0105b Azji 25 lat przed podr\u00f3\u017c\u0105 Marco Polo i jest autorem pierwszych przekaz\u00f3w o tym kontynencie. Atrakcj\u0105 wroc\u0142awskiego Rynku jest w grudniu Jarmark Bo\u017conarodzeniowy, roz\u015bwietlony o zmroku przez kolorowe \u015bwiate\u0142ka.<\/p>\n\n\n\n<figure class=\"wp-block-gallery has-nested-images columns-default is-cropped wp-block-gallery-1 is-layout-flex wp-block-gallery-is-layout-flex\">\n<figure class=\"wp-block-image size-large\"><img loading=\"lazy\" decoding=\"async\" width=\"726\" height=\"1024\" data-id=\"25271\" src=\"https:\/\/5lo.lublin.pl\/wp-content\/uploads\/2023\/12\/20231130_134255_02.jpg\" alt=\"\" class=\"wp-image-25271\" srcset=\"https:\/\/5lo.lublin.pl\/wp-content\/uploads\/2023\/12\/20231130_134255_02.jpg 726w, https:\/\/5lo.lublin.pl\/wp-content\/uploads\/2023\/12\/20231130_134255_02-213x300.jpg 213w\" sizes=\"(max-width: 726px) 100vw, 726px\" \/><\/figure>\n\n\n\n<figure class=\"wp-block-image size-large\"><img loading=\"lazy\" decoding=\"async\" width=\"1024\" height=\"461\" data-id=\"25273\" src=\"https:\/\/5lo.lublin.pl\/wp-content\/uploads\/2023\/12\/20231130_144640_03.jpg\" alt=\"\" class=\"wp-image-25273\" srcset=\"https:\/\/5lo.lublin.pl\/wp-content\/uploads\/2023\/12\/20231130_144640_03.jpg 1024w, https:\/\/5lo.lublin.pl\/wp-content\/uploads\/2023\/12\/20231130_144640_03-300x135.jpg 300w, https:\/\/5lo.lublin.pl\/wp-content\/uploads\/2023\/12\/20231130_144640_03-768x346.jpg 768w\" sizes=\"(max-width: 1024px) 100vw, 1024px\" \/><\/figure>\n\n\n\n<figure class=\"wp-block-image size-large\"><img loading=\"lazy\" decoding=\"async\" width=\"1024\" height=\"462\" data-id=\"25275\" src=\"https:\/\/5lo.lublin.pl\/wp-content\/uploads\/2023\/12\/20231130_173422_04.jpg\" alt=\"\" class=\"wp-image-25275\" srcset=\"https:\/\/5lo.lublin.pl\/wp-content\/uploads\/2023\/12\/20231130_173422_04.jpg 1024w, https:\/\/5lo.lublin.pl\/wp-content\/uploads\/2023\/12\/20231130_173422_04-300x135.jpg 300w, https:\/\/5lo.lublin.pl\/wp-content\/uploads\/2023\/12\/20231130_173422_04-768x347.jpg 768w\" sizes=\"(max-width: 1024px) 100vw, 1024px\" \/><\/figure>\n\n\n\n<figure class=\"wp-block-image size-large\"><img loading=\"lazy\" decoding=\"async\" width=\"1024\" height=\"606\" data-id=\"25276\" src=\"https:\/\/5lo.lublin.pl\/wp-content\/uploads\/2023\/12\/20231130_195335_05.jpg\" alt=\"\" class=\"wp-image-25276\" srcset=\"https:\/\/5lo.lublin.pl\/wp-content\/uploads\/2023\/12\/20231130_195335_05.jpg 1024w, https:\/\/5lo.lublin.pl\/wp-content\/uploads\/2023\/12\/20231130_195335_05-300x178.jpg 300w, https:\/\/5lo.lublin.pl\/wp-content\/uploads\/2023\/12\/20231130_195335_05-768x455.jpg 768w, https:\/\/5lo.lublin.pl\/wp-content\/uploads\/2023\/12\/20231130_195335_05-370x220.jpg 370w\" sizes=\"(max-width: 1024px) 100vw, 1024px\" \/><\/figure>\n\n\n\n<figure class=\"wp-block-image size-large\"><img loading=\"lazy\" decoding=\"async\" width=\"1024\" height=\"641\" data-id=\"25274\" src=\"https:\/\/5lo.lublin.pl\/wp-content\/uploads\/2023\/12\/20231130_200056_06.jpg\" alt=\"\" class=\"wp-image-25274\" srcset=\"https:\/\/5lo.lublin.pl\/wp-content\/uploads\/2023\/12\/20231130_200056_06.jpg 1024w, https:\/\/5lo.lublin.pl\/wp-content\/uploads\/2023\/12\/20231130_200056_06-300x188.jpg 300w, https:\/\/5lo.lublin.pl\/wp-content\/uploads\/2023\/12\/20231130_200056_06-768x481.jpg 768w\" sizes=\"(max-width: 1024px) 100vw, 1024px\" \/><\/figure>\n\n\n\n<figure class=\"wp-block-image size-large\"><img loading=\"lazy\" decoding=\"async\" width=\"1024\" height=\"751\" data-id=\"25272\" src=\"https:\/\/5lo.lublin.pl\/wp-content\/uploads\/2023\/12\/received_901413704886326_07.jpg\" alt=\"\" class=\"wp-image-25272\" srcset=\"https:\/\/5lo.lublin.pl\/wp-content\/uploads\/2023\/12\/received_901413704886326_07.jpg 1024w, https:\/\/5lo.lublin.pl\/wp-content\/uploads\/2023\/12\/received_901413704886326_07-300x220.jpg 300w, https:\/\/5lo.lublin.pl\/wp-content\/uploads\/2023\/12\/received_901413704886326_07-768x563.jpg 768w\" sizes=\"(max-width: 1024px) 100vw, 1024px\" \/><\/figure>\n\n\n\n<figure class=\"wp-block-image size-large\"><img loading=\"lazy\" decoding=\"async\" width=\"998\" height=\"1024\" data-id=\"25277\" src=\"https:\/\/5lo.lublin.pl\/wp-content\/uploads\/2023\/12\/received_901413704886326a_08.jpg\" alt=\"\" class=\"wp-image-25277\" srcset=\"https:\/\/5lo.lublin.pl\/wp-content\/uploads\/2023\/12\/received_901413704886326a_08.jpg 998w, https:\/\/5lo.lublin.pl\/wp-content\/uploads\/2023\/12\/received_901413704886326a_08-292x300.jpg 292w, https:\/\/5lo.lublin.pl\/wp-content\/uploads\/2023\/12\/received_901413704886326a_08-768x788.jpg 768w\" sizes=\"(max-width: 998px) 100vw, 998px\" \/><\/figure>\n\n\n\n<figure class=\"wp-block-image size-large\"><img loading=\"lazy\" decoding=\"async\" width=\"1024\" height=\"768\" data-id=\"25278\" src=\"https:\/\/5lo.lublin.pl\/wp-content\/uploads\/2023\/12\/received_927339248963810_01.jpg\" alt=\"\" class=\"wp-image-25278\" srcset=\"https:\/\/5lo.lublin.pl\/wp-content\/uploads\/2023\/12\/received_927339248963810_01.jpg 1024w, https:\/\/5lo.lublin.pl\/wp-content\/uploads\/2023\/12\/received_927339248963810_01-300x225.jpg 300w, https:\/\/5lo.lublin.pl\/wp-content\/uploads\/2023\/12\/received_927339248963810_01-768x576.jpg 768w\" sizes=\"(max-width: 1024px) 100vw, 1024px\" \/><\/figure>\n<\/figure>\n","protected":false},"excerpt":{"rendered":"<p>W ostatnim tygodniu listopada uczestnicy i sympatycy XI edycji projektu \u201eOblicza Dialogu\u201d odwiedzili Wroc\u0142aw. Zbierali materia\u0142y do uzupe\u0142niania strony\u00a0https:\/\/lovlu.obliczadialogu.pl\/\u00a0o elementach z r\u00f3\u017cnych obszar\u00f3w \u017cycia, kt\u00f3re przenikaj\u0105 ze Wschodu na Zach\u00f3d. W Centrum Edukacji Ekologicznej \u201eHydropolis\u201d szukali m.in. symboliki wody w staro\u017cytnych wierzeniach i w sztuce. W ogrodzie zoologicznym zwr\u00f3cili uwag\u0119 na zwierz\u0119ta z Azji Wschodniej, [&hellip;]<\/p>\n","protected":false},"author":29,"featured_media":25278,"comment_status":"closed","ping_status":"open","sticky":false,"template":"","format":"standard","meta":{"footnotes":""},"categories":[1,133],"tags":[],"_links":{"self":[{"href":"https:\/\/5lo.lublin.pl\/index.php?rest_route=\/wp\/v2\/posts\/25270"}],"collection":[{"href":"https:\/\/5lo.lublin.pl\/index.php?rest_route=\/wp\/v2\/posts"}],"about":[{"href":"https:\/\/5lo.lublin.pl\/index.php?rest_route=\/wp\/v2\/types\/post"}],"author":[{"embeddable":true,"href":"https:\/\/5lo.lublin.pl\/index.php?rest_route=\/wp\/v2\/users\/29"}],"replies":[{"embeddable":true,"href":"https:\/\/5lo.lublin.pl\/index.php?rest_route=%2Fwp%2Fv2%2Fcomments&post=25270"}],"version-history":[{"count":1,"href":"https:\/\/5lo.lublin.pl\/index.php?rest_route=\/wp\/v2\/posts\/25270\/revisions"}],"predecessor-version":[{"id":25279,"href":"https:\/\/5lo.lublin.pl\/index.php?rest_route=\/wp\/v2\/posts\/25270\/revisions\/25279"}],"wp:featuredmedia":[{"embeddable":true,"href":"https:\/\/5lo.lublin.pl\/index.php?rest_route=\/wp\/v2\/media\/25278"}],"wp:attachment":[{"href":"https:\/\/5lo.lublin.pl\/index.php?rest_route=%2Fwp%2Fv2%2Fmedia&parent=25270"}],"wp:term":[{"taxonomy":"category","embeddable":true,"href":"https:\/\/5lo.lublin.pl\/index.php?rest_route=%2Fwp%2Fv2%2Fcategories&post=25270"},{"taxonomy":"post_tag","embeddable":true,"href":"https:\/\/5lo.lublin.pl\/index.php?rest_route=%2Fwp%2Fv2%2Ftags&post=25270"}],"curies":[{"name":"wp","href":"https:\/\/api.w.org\/{rel}","templated":true}]}}