{"id":25251,"date":"2023-12-01T14:06:35","date_gmt":"2023-12-01T14:06:35","guid":{"rendered":"https:\/\/5lo.lublin.pl\/?p=25251"},"modified":"2023-12-01T14:06:39","modified_gmt":"2023-12-01T14:06:39","slug":"monika-ostrowska","status":"publish","type":"post","link":"https:\/\/5lo.lublin.pl\/?p=25251","title":{"rendered":"Monika Ostrowska"},"content":{"rendered":"\n<p>Nasza uczennica Monika Ostrowska w miniony weekend bra\u0142a udzia\u0142 w IX Mistrzostwach \u015awiata Fudokan &#8211; Belgrad w Serbii.<\/p>\n\n\n\n<p>Uczestniczy\u0142o w nich oko\u0142o 2200 zawodnik\u00f3w z 43 pa\u0144stw \u015awiata.<\/p>\n\n\n\n<p>Do Lublina przywioz\u0142a a\u017c 4 medale Mistrzostw \u015awiata.<\/p>\n\n\n\n<p>Dla Polski zdoby\u0142a :<\/p>\n\n\n\n<p>z\u0142oto kata dru\u017cynowe<\/p>\n\n\n\n<p>srebro enbu dz\/dz<\/p>\n\n\n\n<p>srebro kumite dru\u017cynowe<\/p>\n\n\n\n<p>br\u0105z fukugo<\/p>\n\n\n\n<p>oraz 4 miejsce enbu dz\/ch &#8211; do podium zabrak\u0142o niewiele!<\/p>\n\n\n\n<p>Ogromne gratulacje, brawo !<\/p>\n\n\n\n<p>Moniko jeste\u015bmy z Ciebie bardzo dumni<\/p>\n","protected":false},"excerpt":{"rendered":"<p>Nasza uczennica Monika Ostrowska w miniony weekend bra\u0142a udzia\u0142 w IX Mistrzostwach \u015awiata Fudokan &#8211; Belgrad w Serbii. Uczestniczy\u0142o w nich oko\u0142o 2200 zawodnik\u00f3w z 43 pa\u0144stw \u015awiata. Do Lublina przywioz\u0142a a\u017c 4 medale Mistrzostw \u015awiata. Dla Polski zdoby\u0142a : z\u0142oto kata dru\u017cynowe srebro enbu dz\/dz srebro kumite dru\u017cynowe br\u0105z fukugo oraz 4 miejsce enbu [&hellip;]<\/p>\n","protected":false},"author":29,"featured_media":25252,"comment_status":"closed","ping_status":"open","sticky":false,"template":"","format":"standard","meta":{"footnotes":""},"categories":[1,134,138,133],"tags":[],"_links":{"self":[{"href":"https:\/\/5lo.lublin.pl\/index.php?rest_route=\/wp\/v2\/posts\/25251"}],"collection":[{"href":"https:\/\/5lo.lublin.pl\/index.php?rest_route=\/wp\/v2\/posts"}],"about":[{"href":"https:\/\/5lo.lublin.pl\/index.php?rest_route=\/wp\/v2\/types\/post"}],"author":[{"embeddable":true,"href":"https:\/\/5lo.lublin.pl\/index.php?rest_route=\/wp\/v2\/users\/29"}],"replies":[{"embeddable":true,"href":"https:\/\/5lo.lublin.pl\/index.php?rest_route=%2Fwp%2Fv2%2Fcomments&post=25251"}],"version-history":[{"count":1,"href":"https:\/\/5lo.lublin.pl\/index.php?rest_route=\/wp\/v2\/posts\/25251\/revisions"}],"predecessor-version":[{"id":25253,"href":"https:\/\/5lo.lublin.pl\/index.php?rest_route=\/wp\/v2\/posts\/25251\/revisions\/25253"}],"wp:featuredmedia":[{"embeddable":true,"href":"https:\/\/5lo.lublin.pl\/index.php?rest_route=\/wp\/v2\/media\/25252"}],"wp:attachment":[{"href":"https:\/\/5lo.lublin.pl\/index.php?rest_route=%2Fwp%2Fv2%2Fmedia&parent=25251"}],"wp:term":[{"taxonomy":"category","embeddable":true,"href":"https:\/\/5lo.lublin.pl\/index.php?rest_route=%2Fwp%2Fv2%2Fcategories&post=25251"},{"taxonomy":"post_tag","embeddable":true,"href":"https:\/\/5lo.lublin.pl\/index.php?rest_route=%2Fwp%2Fv2%2Ftags&post=25251"}],"curies":[{"name":"wp","href":"https:\/\/api.w.org\/{rel}","templated":true}]}}